{"id":6360,"date":"2025-09-25T21:49:57","date_gmt":"2025-09-26T02:49:57","guid":{"rendered":"https:\/\/javacol.com\/sitio\/?p=6360"},"modified":"2025-10-12T14:42:55","modified_gmt":"2025-10-12T19:42:55","slug":"educacion-o-eventos-oportunidades-digitales-colombia","status":"publish","type":"post","link":"https:\/\/javacol.com\/sitio\/educacion-o-eventos-oportunidades-digitales-colombia\/","title":{"rendered":"El Radar TI: Becas, Cursos Gratis de Redes Sociales y Charlas de UX esta Semana"},"content":{"rendered":"\n<pre class=\"wp-block-preformatted has-small-font-size\">\u00a1Llega el Radar TI! Tu dosis semanal de oportunidades digitales<br><br>\u00a1Hola, comunidad de Javacol!<br><br>Estamos incre\u00edblemente emocionados de lanzar \"El Radar TI\", tu nuevo aliado semanal para el crecimiento profesional y empresarial. En Javacol, no solo nos apasiona ofrecerte el mejor hosting y dominios; nos apasiona verte triunfar. Creemos que la mejor forma de crecer es juntos, y por eso hemos creado este espacio para ti.<br><br>\u00bfPor qu\u00e9 seguir el Radar TI cada semana?<br>Cada semana, nuestro radar buscar\u00e1 por toda Colombia las oportunidades m\u00e1s valiosas en tecnolog\u00eda, marketing y emprendimiento. \u00bfListos para empezar? \u00a1Esta semana viene cargada!<br><br>1. Cursos gratuitos de redes sociales para emprendedores<br>\u00bfPara qui\u00e9n es? Emprendedores, freelancers, due\u00f1os de pymes y cualquier profesional que quiera vender m\u00e1s y conectar mejor a trav\u00e9s de las redes sociales.<br><br>\u00bfPor qu\u00e9 es una gran oportunidad? En el mundo digital de hoy, entender c\u00f3mo funciona la mente del consumidor y c\u00f3mo optimizar el contenido no es un lujo, es una necesidad. Estos cursos de Social Tech te dar\u00e1n herramientas pr\u00e1cticas y aplicables de inmediato para mejorar tus resultados. \u00a1Y son gratis!<br><br>\u00a1Inscr\u00edbete y aprende aqu\u00ed!<br><br>2. Charla Gratuita sobre Experiencia de Usuario (UX)<br>\u00bfPara qui\u00e9n es? Dise\u00f1adores web, desarrolladores, jefes de proyecto y emprendedores que est\u00e9n creando productos digitales (apps, p\u00e1ginas web, etc.).<br><br>\u00bfPor qu\u00e9 es una gran oportunidad? Puedes tener el c\u00f3digo m\u00e1s limpio o la idea m\u00e1s brillante, pero si la experiencia del usuario es mala, el proyecto fracasa. Esta charla te dar\u00e1 las claves para que tus proyectos no solo funcionen, sino que enamoren a tus clientes y se conviertan en verdaderos \u00e9xitos.<br><br>Estos cursos y charlas gratuitas de redes sociales en Colombia est\u00e1n dise\u00f1ados para emprendedores que buscan mejorar su presencia digital.<br><br>Conoce m\u00e1s sobre la charla aqu\u00ed<br><br>3. Becas del 95% en carreras tecnol\u00f3gicas<br>\u00bfPara qui\u00e9n es? Colombianos j\u00f3venes que inician su vida profesional y sue\u00f1an con una carrera de alto impacto en Ingenier\u00eda de Sistemas o Ciencia de Datos.<br><br>\u00bfPor qu\u00e9 es una gran oportunidad? Esta es una de esas oportunidades que pueden cambiar una vida. Acceder a educaci\u00f3n de alta calidad en las \u00e1reas m\u00e1s demandadas del mercado con un apoyo del 95% del valor de la carrera es simplemente incre\u00edble. Si estabas esperando una se\u00f1al para dar el salto al mundo tech, \u00a1es esta!<br><br>Aplica a la beca y conoce los requisitos aqu\u00ed<br><br>\u00a1Creamos esta comunidad contigo!<br><br>Esperamos que estas oportunidades te sirvan de impulso. \u00bfQu\u00e9 te parecieron? \u00bfHay alg\u00fan tema que te gustar\u00eda que busc\u00e1ramos para la pr\u00f3xima semana? \u00a1D\u00e9janos un comentario! Tu opini\u00f3n es clave para que este radar sea cada vez m\u00e1s \u00fatil para todos.<br><\/pre>\n\n\n\n<figure class=\"wp-block-image size-full\"><img loading=\"lazy\" decoding=\"async\" width=\"980\" height=\"653\" src=\"https:\/\/javacol.com\/sitio\/wp-content\/uploads\/2025\/09\/Hola.png\" alt=\"\" class=\"wp-image-6379\" srcset=\"https:\/\/javacol.com\/sitio\/wp-content\/uploads\/2025\/09\/Hola.png 980w, https:\/\/javacol.com\/sitio\/wp-content\/uploads\/2025\/09\/Hola-480x320.png 480w\" sizes=\"(min-width: 0px) and (max-width: 480px) 480px, (min-width: 481px) 980px, 100vw\" \/><\/figure>\n","protected":false},"excerpt":{"rendered":"<p>\u00a1Llega el Radar TI! Tu dosis semanal de oportunidades digitales\u00a1Hola, comunidad de Javacol!Estamos incre\u00edblemente emocionados de lanzar \u00abEl Radar TI\u00bb, tu nuevo aliado semanal para el crecimiento profesional y empresarial. En Javacol, no solo nos apasiona ofrecerte el mejor hosting y dominios; nos apasiona verte triunfar. Creemos que la mejor forma de crecer es juntos, [&hellip;]<\/p>\n","protected":false},"author":1,"featured_media":6392,"comment_status":"open","ping_status":"open","sticky":false,"template":"","format":"standard","meta":{"_et_pb_use_builder":"off","_et_pb_old_content":"","_et_gb_content_width":"","footnotes":""},"categories":[21],"tags":[29,26,30,31,32,28,34,27,33],"class_list":["post-6360","post","type-post","status-publish","format-standard","has-post-thumbnail","hentry","category-educacion-o-eventos","tag-becas-en-tecnologia","tag-cursos-gratuitos","tag-educacion-digital","tag-emprendimiento-digital","tag-formacion-online","tag-javacol-radar-ti","tag-marketing-para-pymes","tag-redes-sociales","tag-ux-colombia"],"yoast_head":"<!-- This site is optimized with the Yoast SEO plugin v26.9 - https:\/\/yoast.com\/product\/yoast-seo-wordpress\/ -->\n<title>El Radar TI: Becas, Cursos Gratis de Redes Sociales y Charlas de UX esta Semana - Javacol<\/title>\n<meta name=\"robots\" content=\"index, follow, max-snippet:-1, max-image-preview:large, max-video-preview:-1\" \/>\n<link rel=\"canonical\" href=\"https:\/\/javacol.com\/sitio\/educacion-o-eventos-oportunidades-digitales-colombia\/\" \/>\n<meta property=\"og:locale\" content=\"es_ES\" \/>\n<meta property=\"og:type\" content=\"article\" \/>\n<meta property=\"og:title\" content=\"El Radar TI: Becas, Cursos Gratis de Redes Sociales y Charlas de UX esta Semana - Javacol\" \/>\n<meta property=\"og:description\" content=\"\u00a1Llega el Radar TI! Tu dosis semanal de oportunidades digitales\u00a1Hola, comunidad de Javacol!Estamos incre\u00edblemente emocionados de lanzar &quot;El Radar TI&quot;, tu nuevo aliado semanal para el crecimiento profesional y empresarial. En Javacol, no solo nos apasiona ofrecerte el mejor hosting y dominios; nos apasiona verte triunfar. Creemos que la mejor forma de crecer es juntos, [&hellip;]\" \/>\n<meta property=\"og:url\" content=\"https:\/\/javacol.com\/sitio\/educacion-o-eventos-oportunidades-digitales-colombia\/\" \/>\n<meta property=\"og:site_name\" content=\"Javacol\" \/>\n<meta property=\"article:publisher\" content=\"https:\/\/www.facebook.com\/JavacolSas\/\" \/>\n<meta property=\"article:published_time\" content=\"2025-09-26T02:49:57+00:00\" \/>\n<meta property=\"article:modified_time\" content=\"2025-10-12T19:42:55+00:00\" \/>\n<meta property=\"og:image\" content=\"https:\/\/javacol.com\/sitio\/wp-content\/uploads\/2025\/09\/Radar-TI-Crecimineto-Digital-Oportunidad-para-Pymes-y-emprendedores.png\" \/>\n\t<meta property=\"og:image:width\" content=\"1080\" \/>\n\t<meta property=\"og:image:height\" content=\"675\" \/>\n\t<meta property=\"og:image:type\" content=\"image\/png\" \/>\n<meta name=\"author\" content=\"Admin Javacol\" \/>\n<meta name=\"twitter:card\" content=\"summary_large_image\" \/>\n<meta name=\"twitter:label1\" content=\"Escrito por\" \/>\n\t<meta name=\"twitter:data1\" content=\"Admin Javacol\" \/>\n\t<meta name=\"twitter:label2\" content=\"Tiempo de lectura\" \/>\n\t<meta name=\"twitter:data2\" content=\"1 minuto\" \/>\n<script type=\"application\/ld+json\" class=\"yoast-schema-graph\">{\"@context\":\"https:\/\/schema.org\",\"@graph\":[{\"@type\":\"Article\",\"@id\":\"https:\/\/javacol.com\/sitio\/educacion-o-eventos-oportunidades-digitales-colombia\/#article\",\"isPartOf\":{\"@id\":\"https:\/\/javacol.com\/sitio\/educacion-o-eventos-oportunidades-digitales-colombia\/\"},\"author\":{\"name\":\"Admin Javacol\",\"@id\":\"https:\/\/javacol.com\/sitio\/#\/schema\/person\/c726f79b8f751d2f17af082903516281\"},\"headline\":\"El Radar TI: Becas, Cursos Gratis de Redes Sociales y Charlas de UX esta Semana\",\"datePublished\":\"2025-09-26T02:49:57+00:00\",\"dateModified\":\"2025-10-12T19:42:55+00:00\",\"mainEntityOfPage\":{\"@id\":\"https:\/\/javacol.com\/sitio\/educacion-o-eventos-oportunidades-digitales-colombia\/\"},\"wordCount\":15,\"commentCount\":0,\"publisher\":{\"@id\":\"https:\/\/javacol.com\/sitio\/#organization\"},\"image\":{\"@id\":\"https:\/\/javacol.com\/sitio\/educacion-o-eventos-oportunidades-digitales-colombia\/#primaryimage\"},\"thumbnailUrl\":\"https:\/\/javacol.com\/sitio\/wp-content\/uploads\/2025\/09\/Radar-TI-Crecimineto-Digital-Oportunidad-para-Pymes-y-emprendedores.png\",\"keywords\":[\"becas en tecnolog\u00eda\",\"cursos gratuitos\",\"educaci\u00f3n digital\",\"emprendimiento digital\",\"formaci\u00f3n online\",\"Javacol Radar TI\",\"marketing para pymes\",\"redes sociales\",\"UX Colombia\"],\"articleSection\":[\"Educaci\u00f3n o Eventos\"],\"inLanguage\":\"es\",\"potentialAction\":[{\"@type\":\"CommentAction\",\"name\":\"Comment\",\"target\":[\"https:\/\/javacol.com\/sitio\/educacion-o-eventos-oportunidades-digitales-colombia\/#respond\"]}]},{\"@type\":\"WebPage\",\"@id\":\"https:\/\/javacol.com\/sitio\/educacion-o-eventos-oportunidades-digitales-colombia\/\",\"url\":\"https:\/\/javacol.com\/sitio\/educacion-o-eventos-oportunidades-digitales-colombia\/\",\"name\":\"El Radar TI: Becas, Cursos Gratis de Redes Sociales y Charlas de UX esta Semana - Javacol\",\"isPartOf\":{\"@id\":\"https:\/\/javacol.com\/sitio\/#website\"},\"primaryImageOfPage\":{\"@id\":\"https:\/\/javacol.com\/sitio\/educacion-o-eventos-oportunidades-digitales-colombia\/#primaryimage\"},\"image\":{\"@id\":\"https:\/\/javacol.com\/sitio\/educacion-o-eventos-oportunidades-digitales-colombia\/#primaryimage\"},\"thumbnailUrl\":\"https:\/\/javacol.com\/sitio\/wp-content\/uploads\/2025\/09\/Radar-TI-Crecimineto-Digital-Oportunidad-para-Pymes-y-emprendedores.png\",\"datePublished\":\"2025-09-26T02:49:57+00:00\",\"dateModified\":\"2025-10-12T19:42:55+00:00\",\"breadcrumb\":{\"@id\":\"https:\/\/javacol.com\/sitio\/educacion-o-eventos-oportunidades-digitales-colombia\/#breadcrumb\"},\"inLanguage\":\"es\",\"potentialAction\":[{\"@type\":\"ReadAction\",\"target\":[\"https:\/\/javacol.com\/sitio\/educacion-o-eventos-oportunidades-digitales-colombia\/\"]}]},{\"@type\":\"ImageObject\",\"inLanguage\":\"es\",\"@id\":\"https:\/\/javacol.com\/sitio\/educacion-o-eventos-oportunidades-digitales-colombia\/#primaryimage\",\"url\":\"https:\/\/javacol.com\/sitio\/wp-content\/uploads\/2025\/09\/Radar-TI-Crecimineto-Digital-Oportunidad-para-Pymes-y-emprendedores.png\",\"contentUrl\":\"https:\/\/javacol.com\/sitio\/wp-content\/uploads\/2025\/09\/Radar-TI-Crecimineto-Digital-Oportunidad-para-Pymes-y-emprendedores.png\",\"width\":1080,\"height\":675},{\"@type\":\"BreadcrumbList\",\"@id\":\"https:\/\/javacol.com\/sitio\/educacion-o-eventos-oportunidades-digitales-colombia\/#breadcrumb\",\"itemListElement\":[{\"@type\":\"ListItem\",\"position\":1,\"name\":\"Portada\",\"item\":\"https:\/\/javacol.com\/sitio\/\"},{\"@type\":\"ListItem\",\"position\":2,\"name\":\"El Radar TI: Becas, Cursos Gratis de Redes Sociales y Charlas de UX esta Semana\"}]},{\"@type\":\"WebSite\",\"@id\":\"https:\/\/javacol.com\/sitio\/#website\",\"url\":\"https:\/\/javacol.com\/sitio\/\",\"name\":\"Javacol\",\"description\":\"\",\"publisher\":{\"@id\":\"https:\/\/javacol.com\/sitio\/#organization\"},\"potentialAction\":[{\"@type\":\"SearchAction\",\"target\":{\"@type\":\"EntryPoint\",\"urlTemplate\":\"https:\/\/javacol.com\/sitio\/?s={search_term_string}\"},\"query-input\":{\"@type\":\"PropertyValueSpecification\",\"valueRequired\":true,\"valueName\":\"search_term_string\"}}],\"inLanguage\":\"es\"},{\"@type\":\"Organization\",\"@id\":\"https:\/\/javacol.com\/sitio\/#organization\",\"name\":\"Javacol\",\"url\":\"https:\/\/javacol.com\/sitio\/\",\"logo\":{\"@type\":\"ImageObject\",\"inLanguage\":\"es\",\"@id\":\"https:\/\/javacol.com\/sitio\/#\/schema\/logo\/image\/\",\"url\":\"https:\/\/javacol.com\/sitio\/wp-content\/uploads\/2024\/07\/logojavacol.png\",\"contentUrl\":\"https:\/\/javacol.com\/sitio\/wp-content\/uploads\/2024\/07\/logojavacol.png\",\"width\":1100,\"height\":304,\"caption\":\"Javacol\"},\"image\":{\"@id\":\"https:\/\/javacol.com\/sitio\/#\/schema\/logo\/image\/\"},\"sameAs\":[\"https:\/\/www.facebook.com\/JavacolSas\/\",\"https:\/\/www.instagram.com\/javacol_sas\/\"]},{\"@type\":\"Person\",\"@id\":\"https:\/\/javacol.com\/sitio\/#\/schema\/person\/c726f79b8f751d2f17af082903516281\",\"name\":\"Admin Javacol\",\"image\":{\"@type\":\"ImageObject\",\"inLanguage\":\"es\",\"@id\":\"https:\/\/javacol.com\/sitio\/#\/schema\/person\/image\/\",\"url\":\"https:\/\/secure.gravatar.com\/avatar\/3cb75ca9e4eba82219823604ca7a8b179c886f1330408d23339c270232aadf32?s=96&d=mm&r=g\",\"contentUrl\":\"https:\/\/secure.gravatar.com\/avatar\/3cb75ca9e4eba82219823604ca7a8b179c886f1330408d23339c270232aadf32?s=96&d=mm&r=g\",\"caption\":\"Admin Javacol\"},\"sameAs\":[\"https:\/\/javacol.com\/sitio\"],\"url\":\"https:\/\/javacol.com\/sitio\/author\/admin\/\"}]}<\/script>\n<!-- \/ Yoast SEO plugin. -->","yoast_head_json":{"title":"El Radar TI: Becas, Cursos Gratis de Redes Sociales y Charlas de UX esta Semana - Javacol","robots":{"index":"index","follow":"follow","max-snippet":"max-snippet:-1","max-image-preview":"max-image-preview:large","max-video-preview":"max-video-preview:-1"},"canonical":"https:\/\/javacol.com\/sitio\/educacion-o-eventos-oportunidades-digitales-colombia\/","og_locale":"es_ES","og_type":"article","og_title":"El Radar TI: Becas, Cursos Gratis de Redes Sociales y Charlas de UX esta Semana - Javacol","og_description":"\u00a1Llega el Radar TI! Tu dosis semanal de oportunidades digitales\u00a1Hola, comunidad de Javacol!Estamos incre\u00edblemente emocionados de lanzar \"El Radar TI\", tu nuevo aliado semanal para el crecimiento profesional y empresarial. En Javacol, no solo nos apasiona ofrecerte el mejor hosting y dominios; nos apasiona verte triunfar. Creemos que la mejor forma de crecer es juntos, [&hellip;]","og_url":"https:\/\/javacol.com\/sitio\/educacion-o-eventos-oportunidades-digitales-colombia\/","og_site_name":"Javacol","article_publisher":"https:\/\/www.facebook.com\/JavacolSas\/","article_published_time":"2025-09-26T02:49:57+00:00","article_modified_time":"2025-10-12T19:42:55+00:00","og_image":[{"width":1080,"height":675,"url":"https:\/\/javacol.com\/sitio\/wp-content\/uploads\/2025\/09\/Radar-TI-Crecimineto-Digital-Oportunidad-para-Pymes-y-emprendedores.png","type":"image\/png"}],"author":"Admin Javacol","twitter_card":"summary_large_image","twitter_misc":{"Escrito por":"Admin Javacol","Tiempo de lectura":"1 minuto"},"schema":{"@context":"https:\/\/schema.org","@graph":[{"@type":"Article","@id":"https:\/\/javacol.com\/sitio\/educacion-o-eventos-oportunidades-digitales-colombia\/#article","isPartOf":{"@id":"https:\/\/javacol.com\/sitio\/educacion-o-eventos-oportunidades-digitales-colombia\/"},"author":{"name":"Admin Javacol","@id":"https:\/\/javacol.com\/sitio\/#\/schema\/person\/c726f79b8f751d2f17af082903516281"},"headline":"El Radar TI: Becas, Cursos Gratis de Redes Sociales y Charlas de UX esta Semana","datePublished":"2025-09-26T02:49:57+00:00","dateModified":"2025-10-12T19:42:55+00:00","mainEntityOfPage":{"@id":"https:\/\/javacol.com\/sitio\/educacion-o-eventos-oportunidades-digitales-colombia\/"},"wordCount":15,"commentCount":0,"publisher":{"@id":"https:\/\/javacol.com\/sitio\/#organization"},"image":{"@id":"https:\/\/javacol.com\/sitio\/educacion-o-eventos-oportunidades-digitales-colombia\/#primaryimage"},"thumbnailUrl":"https:\/\/javacol.com\/sitio\/wp-content\/uploads\/2025\/09\/Radar-TI-Crecimineto-Digital-Oportunidad-para-Pymes-y-emprendedores.png","keywords":["becas en tecnolog\u00eda","cursos gratuitos","educaci\u00f3n digital","emprendimiento digital","formaci\u00f3n online","Javacol Radar TI","marketing para pymes","redes sociales","UX Colombia"],"articleSection":["Educaci\u00f3n o Eventos"],"inLanguage":"es","potentialAction":[{"@type":"CommentAction","name":"Comment","target":["https:\/\/javacol.com\/sitio\/educacion-o-eventos-oportunidades-digitales-colombia\/#respond"]}]},{"@type":"WebPage","@id":"https:\/\/javacol.com\/sitio\/educacion-o-eventos-oportunidades-digitales-colombia\/","url":"https:\/\/javacol.com\/sitio\/educacion-o-eventos-oportunidades-digitales-colombia\/","name":"El Radar TI: Becas, Cursos Gratis de Redes Sociales y Charlas de UX esta Semana - Javacol","isPartOf":{"@id":"https:\/\/javacol.com\/sitio\/#website"},"primaryImageOfPage":{"@id":"https:\/\/javacol.com\/sitio\/educacion-o-eventos-oportunidades-digitales-colombia\/#primaryimage"},"image":{"@id":"https:\/\/javacol.com\/sitio\/educacion-o-eventos-oportunidades-digitales-colombia\/#primaryimage"},"thumbnailUrl":"https:\/\/javacol.com\/sitio\/wp-content\/uploads\/2025\/09\/Radar-TI-Crecimineto-Digital-Oportunidad-para-Pymes-y-emprendedores.png","datePublished":"2025-09-26T02:49:57+00:00","dateModified":"2025-10-12T19:42:55+00:00","breadcrumb":{"@id":"https:\/\/javacol.com\/sitio\/educacion-o-eventos-oportunidades-digitales-colombia\/#breadcrumb"},"inLanguage":"es","potentialAction":[{"@type":"ReadAction","target":["https:\/\/javacol.com\/sitio\/educacion-o-eventos-oportunidades-digitales-colombia\/"]}]},{"@type":"ImageObject","inLanguage":"es","@id":"https:\/\/javacol.com\/sitio\/educacion-o-eventos-oportunidades-digitales-colombia\/#primaryimage","url":"https:\/\/javacol.com\/sitio\/wp-content\/uploads\/2025\/09\/Radar-TI-Crecimineto-Digital-Oportunidad-para-Pymes-y-emprendedores.png","contentUrl":"https:\/\/javacol.com\/sitio\/wp-content\/uploads\/2025\/09\/Radar-TI-Crecimineto-Digital-Oportunidad-para-Pymes-y-emprendedores.png","width":1080,"height":675},{"@type":"BreadcrumbList","@id":"https:\/\/javacol.com\/sitio\/educacion-o-eventos-oportunidades-digitales-colombia\/#breadcrumb","itemListElement":[{"@type":"ListItem","position":1,"name":"Portada","item":"https:\/\/javacol.com\/sitio\/"},{"@type":"ListItem","position":2,"name":"El Radar TI: Becas, Cursos Gratis de Redes Sociales y Charlas de UX esta Semana"}]},{"@type":"WebSite","@id":"https:\/\/javacol.com\/sitio\/#website","url":"https:\/\/javacol.com\/sitio\/","name":"Javacol","description":"","publisher":{"@id":"https:\/\/javacol.com\/sitio\/#organization"},"potentialAction":[{"@type":"SearchAction","target":{"@type":"EntryPoint","urlTemplate":"https:\/\/javacol.com\/sitio\/?s={search_term_string}"},"query-input":{"@type":"PropertyValueSpecification","valueRequired":true,"valueName":"search_term_string"}}],"inLanguage":"es"},{"@type":"Organization","@id":"https:\/\/javacol.com\/sitio\/#organization","name":"Javacol","url":"https:\/\/javacol.com\/sitio\/","logo":{"@type":"ImageObject","inLanguage":"es","@id":"https:\/\/javacol.com\/sitio\/#\/schema\/logo\/image\/","url":"https:\/\/javacol.com\/sitio\/wp-content\/uploads\/2024\/07\/logojavacol.png","contentUrl":"https:\/\/javacol.com\/sitio\/wp-content\/uploads\/2024\/07\/logojavacol.png","width":1100,"height":304,"caption":"Javacol"},"image":{"@id":"https:\/\/javacol.com\/sitio\/#\/schema\/logo\/image\/"},"sameAs":["https:\/\/www.facebook.com\/JavacolSas\/","https:\/\/www.instagram.com\/javacol_sas\/"]},{"@type":"Person","@id":"https:\/\/javacol.com\/sitio\/#\/schema\/person\/c726f79b8f751d2f17af082903516281","name":"Admin Javacol","image":{"@type":"ImageObject","inLanguage":"es","@id":"https:\/\/javacol.com\/sitio\/#\/schema\/person\/image\/","url":"https:\/\/secure.gravatar.com\/avatar\/3cb75ca9e4eba82219823604ca7a8b179c886f1330408d23339c270232aadf32?s=96&d=mm&r=g","contentUrl":"https:\/\/secure.gravatar.com\/avatar\/3cb75ca9e4eba82219823604ca7a8b179c886f1330408d23339c270232aadf32?s=96&d=mm&r=g","caption":"Admin Javacol"},"sameAs":["https:\/\/javacol.com\/sitio"],"url":"https:\/\/javacol.com\/sitio\/author\/admin\/"}]}},"_links":{"self":[{"href":"https:\/\/javacol.com\/sitio\/wp-json\/wp\/v2\/posts\/6360","targetHints":{"allow":["GET"]}}],"collection":[{"href":"https:\/\/javacol.com\/sitio\/wp-json\/wp\/v2\/posts"}],"about":[{"href":"https:\/\/javacol.com\/sitio\/wp-json\/wp\/v2\/types\/post"}],"author":[{"embeddable":true,"href":"https:\/\/javacol.com\/sitio\/wp-json\/wp\/v2\/users\/1"}],"replies":[{"embeddable":true,"href":"https:\/\/javacol.com\/sitio\/wp-json\/wp\/v2\/comments?post=6360"}],"version-history":[{"count":4,"href":"https:\/\/javacol.com\/sitio\/wp-json\/wp\/v2\/posts\/6360\/revisions"}],"predecessor-version":[{"id":6380,"href":"https:\/\/javacol.com\/sitio\/wp-json\/wp\/v2\/posts\/6360\/revisions\/6380"}],"wp:featuredmedia":[{"embeddable":true,"href":"https:\/\/javacol.com\/sitio\/wp-json\/wp\/v2\/media\/6392"}],"wp:attachment":[{"href":"https:\/\/javacol.com\/sitio\/wp-json\/wp\/v2\/media?parent=6360"}],"wp:term":[{"taxonomy":"category","embeddable":true,"href":"https:\/\/javacol.com\/sitio\/wp-json\/wp\/v2\/categories?post=6360"},{"taxonomy":"post_tag","embeddable":true,"href":"https:\/\/javacol.com\/sitio\/wp-json\/wp\/v2\/tags?post=6360"}],"curies":[{"name":"wp","href":"https:\/\/api.w.org\/{rel}","templated":true}]}}