{"id":6386,"date":"2025-10-12T14:33:04","date_gmt":"2025-10-12T19:33:04","guid":{"rendered":"https:\/\/javacol.com\/sitio\/?p=6386"},"modified":"2025-10-12T14:33:05","modified_gmt":"2025-10-12T19:33:05","slug":"radar-ti-3-eventos-tecnologicos-en-colombia-que-impulsan-tu-negocio-digital","status":"publish","type":"post","link":"https:\/\/javacol.com\/sitio\/radar-ti-3-eventos-tecnologicos-en-colombia-que-impulsan-tu-negocio-digital\/","title":{"rendered":"Radar TI #3 \u2013 Eventos Tecnol\u00f3gicos en Colombia que Impulsan tu Negocio Digital"},"content":{"rendered":"\n<h2 class=\"wp-block-heading\">Conecta con la innovaci\u00f3n, el prop\u00f3sito y la visibilidad empresarial<\/h2>\n\n\n\n<p>En Javacol sabemos que el crecimiento profesional y empresarial no solo depende de tener un <a href=\"https:\/\/javacol.com\/sitio\/planes-reseller\/\">sitio web r\u00e1pido<\/a>, seguro y bien posicionado. Tambi\u00e9n requiere estar al tanto de las oportunidades que conectan tecnolog\u00eda, educaci\u00f3n, creatividad y networking.<\/p>\n\n\n\n<p>Por eso creamos <strong><a href=\"https:\/\/javacol.com\/sitio\/blog\/\">El Radar TI<\/a><\/strong>: un filtro semanal de inteligencia de mercado que selecciona los eventos m\u00e1s relevantes para emprendedores digitales, dise\u00f1adores web, profesionales del marketing y l\u00edderes de pymes en Colombia.<\/p>\n\n\n\n<p>Aqu\u00ed va la edici\u00f3n #3 con cuatro eventos imperdibles que pueden transformar tu visi\u00f3n y tu negocio.<\/p>\n\n\n\n<h2 class=\"wp-block-heading\">1. VII Foro Humanismo Digital<\/h2>\n\n\n\n<p><strong>Tecnolog\u00eda con prop\u00f3sito humano<\/strong><\/p>\n\n\n\n<p>Evento gratuito en Bogot\u00e1 que re\u00fane expertos internacionales en rob\u00f3tica, inteligencia artificial y educaci\u00f3n. Organizado por Areandina y la Embajada de Austria, este foro busca reflexionar sobre el impacto \u00e9tico y humano de la tecnolog\u00eda. <\/p>\n\n\n\n<p>\ud83d\udcc5 10 de octubre | \ud83d\udd57 8:30 a.m. \u2013 11:30 a.m. <\/p>\n\n\n\n<p>\ud83d\udd17 <a href=\"https:\/\/docs.google.com\/forms\/d\/e\/1FAIpQLSc78F0RaaUKUBcxb_wwfvHKLmGbAlx1AGT4j6JFOAH2zCbO6Q\/viewform\">Inscr\u00edbete aqu\u00ed<\/a><\/p>\n\n\n\n<h2 class=\"wp-block-heading\">2. SMARTFILMS Bogot\u00e1-Regi\u00f3n<\/h2>\n\n\n\n<p><strong>Tu empresa en la pantalla grande<\/strong><\/p>\n\n\n\n<p>Convocatoria para empresas tur\u00edsticas, culturales y gastron\u00f3micas de Bogot\u00e1 y Cundinamarca. Las seleccionadas ser\u00e1n protagonistas de un cortometraje profesional que se proyectar\u00e1 en el festival SMARTFILMS. Una oportunidad \u00fanica de visibilidad sin costo. <\/p>\n\n\n\n<p>\ud83d\udcc5 Inscripciones hasta el 17 de octubre <\/p>\n\n\n\n<p>\ud83d\udd17 <a href=\"https:\/\/www.ccb.org.co\/de-interes\/noticias\/tu-empresa-puede-ser-protagonista-en-smartfilms-bogotaregion\">Conoce los requisitos y beneficios aqu\u00ed<\/a><\/p>\n\n\n\n<h2 class=\"wp-block-heading\">3. Colombia 4.0<\/h2>\n\n\n\n<p><strong>La cumbre digital llega a tu ciudad<\/strong><\/p>\n\n\n\n<p><a href=\"https:\/\/col40.co\/atlantico\/885\/w3-channel.html\">Barranquilla<\/a>, <a href=\"https:\/\/col40.co\/valledelcauca\/879\/w3-channel.html\">Cali<\/a>, <a href=\"https:\/\/col40.co\/antioquia\/886\/w3-channel.html\">Medell\u00edn<\/a> y <a href=\"https:\/\/col40.co\/bogota\/880\/w3-channel.html\">Bogot\u00e1<\/a> ser\u00e1n sede de los pr\u00f3ximos encuentros sobre contenidos digitales, innovaci\u00f3n, tecnolog\u00eda y econom\u00eda naranja. Colombia 4.0 es el evento insignia del ecosistema creativo y digital del pa\u00eds. <\/p>\n\n\n\n<p>\ud83d\udd17<a href=\"https:\/\/col40.co\/750\/w3-channel.html\"> Asiste gratis, Consulta fechas y ciudades<\/a><\/p>\n\n\n\n<h2 class=\"wp-block-heading\">4. Experiencia Tech<\/h2>\n\n\n\n<p><strong>Innovaci\u00f3n con impacto social<\/strong> <\/p>\n\n\n\n<p>Evento h\u00edbrido en Medell\u00edn y Santa Fe de Antioquia con agenda acad\u00e9mica, rueda de negocios, experiencias inmersivas y paneles sobre ciberseguridad, inteligencia artificial, liderazgo femenino y m\u00e1s. <\/p>\n\n\n\n<p>\ud83d\udcc5 14 al 17 de octubre <\/p>\n\n\n\n<p>\ud83d\udd17 <a href=\"https:\/\/experienciatech.com\/\">Inscr\u00edbete sin costo<\/a><\/p>\n","protected":false},"excerpt":{"rendered":"<p>Conecta con la innovaci\u00f3n, el prop\u00f3sito y la visibilidad empresarial En Javacol sabemos que el crecimiento profesional y empresarial no solo depende de tener un sitio web r\u00e1pido, seguro y bien posicionado. Tambi\u00e9n requiere estar al tanto de las oportunidades que conectan tecnolog\u00eda, educaci\u00f3n, creatividad y networking. Por eso creamos El Radar TI: un filtro [&hellip;]<\/p>\n","protected":false},"author":1,"featured_media":6387,"comment_status":"open","ping_status":"open","sticky":false,"template":"","format":"standard","meta":{"_et_pb_use_builder":"off","_et_pb_old_content":"","_et_gb_content_width":"","footnotes":""},"categories":[21],"tags":[44,31,45,47,42,41,46],"class_list":["post-6386","post","type-post","status-publish","format-standard","has-post-thumbnail","hentry","category-educacion-o-eventos","tag-colombia-4-0","tag-emprendimiento-digital","tag-experiencia-tech","tag-negocios-y-tecnologia-en-medellin","tag-oportunidades-para-emprendedores","tag-radar-ti-javacol","tag-smartfilms"],"yoast_head":"<!-- This site is optimized with the Yoast SEO plugin v26.9 - https:\/\/yoast.com\/product\/yoast-seo-wordpress\/ -->\n<title>Radar TI #3 \u2013 Eventos Tecnol\u00f3gicos en Colombia que Impulsan tu Negocio Digital - Javacol<\/title>\n<meta name=\"robots\" content=\"index, follow, max-snippet:-1, max-image-preview:large, max-video-preview:-1\" \/>\n<link rel=\"canonical\" href=\"https:\/\/javacol.com\/sitio\/radar-ti-3-eventos-tecnologicos-en-colombia-que-impulsan-tu-negocio-digital\/\" \/>\n<meta property=\"og:locale\" content=\"es_ES\" \/>\n<meta property=\"og:type\" content=\"article\" \/>\n<meta property=\"og:title\" content=\"Radar TI #3 \u2013 Eventos Tecnol\u00f3gicos en Colombia que Impulsan tu Negocio Digital - Javacol\" \/>\n<meta property=\"og:description\" content=\"Conecta con la innovaci\u00f3n, el prop\u00f3sito y la visibilidad empresarial En Javacol sabemos que el crecimiento profesional y empresarial no solo depende de tener un sitio web r\u00e1pido, seguro y bien posicionado. Tambi\u00e9n requiere estar al tanto de las oportunidades que conectan tecnolog\u00eda, educaci\u00f3n, creatividad y networking. Por eso creamos El Radar TI: un filtro [&hellip;]\" \/>\n<meta property=\"og:url\" content=\"https:\/\/javacol.com\/sitio\/radar-ti-3-eventos-tecnologicos-en-colombia-que-impulsan-tu-negocio-digital\/\" \/>\n<meta property=\"og:site_name\" content=\"Javacol\" \/>\n<meta property=\"article:publisher\" content=\"https:\/\/www.facebook.com\/JavacolSas\/\" \/>\n<meta property=\"article:published_time\" content=\"2025-10-12T19:33:04+00:00\" \/>\n<meta property=\"article:modified_time\" content=\"2025-10-12T19:33:05+00:00\" \/>\n<meta property=\"og:image\" content=\"https:\/\/javacol.com\/sitio\/wp-content\/uploads\/2025\/10\/Tadar-TI3-Colombia4.0-experienciatech.png\" \/>\n\t<meta property=\"og:image:width\" content=\"1080\" \/>\n\t<meta property=\"og:image:height\" content=\"675\" \/>\n\t<meta property=\"og:image:type\" content=\"image\/png\" \/>\n<meta name=\"author\" content=\"Admin Javacol\" \/>\n<meta name=\"twitter:card\" content=\"summary_large_image\" \/>\n<meta name=\"twitter:label1\" content=\"Escrito por\" \/>\n\t<meta name=\"twitter:data1\" content=\"Admin Javacol\" \/>\n\t<meta name=\"twitter:label2\" content=\"Tiempo de lectura\" \/>\n\t<meta name=\"twitter:data2\" content=\"2 minutos\" \/>\n<script type=\"application\/ld+json\" class=\"yoast-schema-graph\">{\"@context\":\"https:\/\/schema.org\",\"@graph\":[{\"@type\":\"Article\",\"@id\":\"https:\/\/javacol.com\/sitio\/radar-ti-3-eventos-tecnologicos-en-colombia-que-impulsan-tu-negocio-digital\/#article\",\"isPartOf\":{\"@id\":\"https:\/\/javacol.com\/sitio\/radar-ti-3-eventos-tecnologicos-en-colombia-que-impulsan-tu-negocio-digital\/\"},\"author\":{\"name\":\"Admin Javacol\",\"@id\":\"https:\/\/javacol.com\/sitio\/#\/schema\/person\/c726f79b8f751d2f17af082903516281\"},\"headline\":\"Radar TI #3 \u2013 Eventos Tecnol\u00f3gicos en Colombia que Impulsan tu Negocio Digital\",\"datePublished\":\"2025-10-12T19:33:04+00:00\",\"dateModified\":\"2025-10-12T19:33:05+00:00\",\"mainEntityOfPage\":{\"@id\":\"https:\/\/javacol.com\/sitio\/radar-ti-3-eventos-tecnologicos-en-colombia-que-impulsan-tu-negocio-digital\/\"},\"wordCount\":331,\"commentCount\":0,\"publisher\":{\"@id\":\"https:\/\/javacol.com\/sitio\/#organization\"},\"image\":{\"@id\":\"https:\/\/javacol.com\/sitio\/radar-ti-3-eventos-tecnologicos-en-colombia-que-impulsan-tu-negocio-digital\/#primaryimage\"},\"thumbnailUrl\":\"https:\/\/javacol.com\/sitio\/wp-content\/uploads\/2025\/10\/Tadar-TI3-Colombia4.0-experienciatech.png\",\"keywords\":[\"Colombia 4.0\",\"emprendimiento digital\",\"Experiencia Tech\",\"Negocios y Tecnolog\u00eda en Medellin\",\"Oportunidades para emprendedores\",\"Radar TI Javacol\",\"SmartFilms\"],\"articleSection\":[\"Educaci\u00f3n o Eventos\"],\"inLanguage\":\"es\",\"potentialAction\":[{\"@type\":\"CommentAction\",\"name\":\"Comment\",\"target\":[\"https:\/\/javacol.com\/sitio\/radar-ti-3-eventos-tecnologicos-en-colombia-que-impulsan-tu-negocio-digital\/#respond\"]}]},{\"@type\":\"WebPage\",\"@id\":\"https:\/\/javacol.com\/sitio\/radar-ti-3-eventos-tecnologicos-en-colombia-que-impulsan-tu-negocio-digital\/\",\"url\":\"https:\/\/javacol.com\/sitio\/radar-ti-3-eventos-tecnologicos-en-colombia-que-impulsan-tu-negocio-digital\/\",\"name\":\"Radar TI #3 \u2013 Eventos Tecnol\u00f3gicos en Colombia que Impulsan tu Negocio Digital - Javacol\",\"isPartOf\":{\"@id\":\"https:\/\/javacol.com\/sitio\/#website\"},\"primaryImageOfPage\":{\"@id\":\"https:\/\/javacol.com\/sitio\/radar-ti-3-eventos-tecnologicos-en-colombia-que-impulsan-tu-negocio-digital\/#primaryimage\"},\"image\":{\"@id\":\"https:\/\/javacol.com\/sitio\/radar-ti-3-eventos-tecnologicos-en-colombia-que-impulsan-tu-negocio-digital\/#primaryimage\"},\"thumbnailUrl\":\"https:\/\/javacol.com\/sitio\/wp-content\/uploads\/2025\/10\/Tadar-TI3-Colombia4.0-experienciatech.png\",\"datePublished\":\"2025-10-12T19:33:04+00:00\",\"dateModified\":\"2025-10-12T19:33:05+00:00\",\"breadcrumb\":{\"@id\":\"https:\/\/javacol.com\/sitio\/radar-ti-3-eventos-tecnologicos-en-colombia-que-impulsan-tu-negocio-digital\/#breadcrumb\"},\"inLanguage\":\"es\",\"potentialAction\":[{\"@type\":\"ReadAction\",\"target\":[\"https:\/\/javacol.com\/sitio\/radar-ti-3-eventos-tecnologicos-en-colombia-que-impulsan-tu-negocio-digital\/\"]}]},{\"@type\":\"ImageObject\",\"inLanguage\":\"es\",\"@id\":\"https:\/\/javacol.com\/sitio\/radar-ti-3-eventos-tecnologicos-en-colombia-que-impulsan-tu-negocio-digital\/#primaryimage\",\"url\":\"https:\/\/javacol.com\/sitio\/wp-content\/uploads\/2025\/10\/Tadar-TI3-Colombia4.0-experienciatech.png\",\"contentUrl\":\"https:\/\/javacol.com\/sitio\/wp-content\/uploads\/2025\/10\/Tadar-TI3-Colombia4.0-experienciatech.png\",\"width\":1080,\"height\":675,\"caption\":\"Descubre las oportunidades de la semana: Colombia 4.0, Experiencia Tech y Convocatoria SmartFilms\"},{\"@type\":\"BreadcrumbList\",\"@id\":\"https:\/\/javacol.com\/sitio\/radar-ti-3-eventos-tecnologicos-en-colombia-que-impulsan-tu-negocio-digital\/#breadcrumb\",\"itemListElement\":[{\"@type\":\"ListItem\",\"position\":1,\"name\":\"Portada\",\"item\":\"https:\/\/javacol.com\/sitio\/\"},{\"@type\":\"ListItem\",\"position\":2,\"name\":\"Radar TI #3 \u2013 Eventos Tecnol\u00f3gicos en Colombia que Impulsan tu Negocio Digital\"}]},{\"@type\":\"WebSite\",\"@id\":\"https:\/\/javacol.com\/sitio\/#website\",\"url\":\"https:\/\/javacol.com\/sitio\/\",\"name\":\"Javacol\",\"description\":\"\",\"publisher\":{\"@id\":\"https:\/\/javacol.com\/sitio\/#organization\"},\"potentialAction\":[{\"@type\":\"SearchAction\",\"target\":{\"@type\":\"EntryPoint\",\"urlTemplate\":\"https:\/\/javacol.com\/sitio\/?s={search_term_string}\"},\"query-input\":{\"@type\":\"PropertyValueSpecification\",\"valueRequired\":true,\"valueName\":\"search_term_string\"}}],\"inLanguage\":\"es\"},{\"@type\":\"Organization\",\"@id\":\"https:\/\/javacol.com\/sitio\/#organization\",\"name\":\"Javacol\",\"url\":\"https:\/\/javacol.com\/sitio\/\",\"logo\":{\"@type\":\"ImageObject\",\"inLanguage\":\"es\",\"@id\":\"https:\/\/javacol.com\/sitio\/#\/schema\/logo\/image\/\",\"url\":\"https:\/\/javacol.com\/sitio\/wp-content\/uploads\/2024\/07\/logojavacol.png\",\"contentUrl\":\"https:\/\/javacol.com\/sitio\/wp-content\/uploads\/2024\/07\/logojavacol.png\",\"width\":1100,\"height\":304,\"caption\":\"Javacol\"},\"image\":{\"@id\":\"https:\/\/javacol.com\/sitio\/#\/schema\/logo\/image\/\"},\"sameAs\":[\"https:\/\/www.facebook.com\/JavacolSas\/\",\"https:\/\/www.instagram.com\/javacol_sas\/\"]},{\"@type\":\"Person\",\"@id\":\"https:\/\/javacol.com\/sitio\/#\/schema\/person\/c726f79b8f751d2f17af082903516281\",\"name\":\"Admin Javacol\",\"image\":{\"@type\":\"ImageObject\",\"inLanguage\":\"es\",\"@id\":\"https:\/\/javacol.com\/sitio\/#\/schema\/person\/image\/\",\"url\":\"https:\/\/secure.gravatar.com\/avatar\/3cb75ca9e4eba82219823604ca7a8b179c886f1330408d23339c270232aadf32?s=96&d=mm&r=g\",\"contentUrl\":\"https:\/\/secure.gravatar.com\/avatar\/3cb75ca9e4eba82219823604ca7a8b179c886f1330408d23339c270232aadf32?s=96&d=mm&r=g\",\"caption\":\"Admin Javacol\"},\"sameAs\":[\"https:\/\/javacol.com\/sitio\"],\"url\":\"https:\/\/javacol.com\/sitio\/author\/admin\/\"}]}<\/script>\n<!-- \/ Yoast SEO plugin. -->","yoast_head_json":{"title":"Radar TI #3 \u2013 Eventos Tecnol\u00f3gicos en Colombia que Impulsan tu Negocio Digital - Javacol","robots":{"index":"index","follow":"follow","max-snippet":"max-snippet:-1","max-image-preview":"max-image-preview:large","max-video-preview":"max-video-preview:-1"},"canonical":"https:\/\/javacol.com\/sitio\/radar-ti-3-eventos-tecnologicos-en-colombia-que-impulsan-tu-negocio-digital\/","og_locale":"es_ES","og_type":"article","og_title":"Radar TI #3 \u2013 Eventos Tecnol\u00f3gicos en Colombia que Impulsan tu Negocio Digital - Javacol","og_description":"Conecta con la innovaci\u00f3n, el prop\u00f3sito y la visibilidad empresarial En Javacol sabemos que el crecimiento profesional y empresarial no solo depende de tener un sitio web r\u00e1pido, seguro y bien posicionado. Tambi\u00e9n requiere estar al tanto de las oportunidades que conectan tecnolog\u00eda, educaci\u00f3n, creatividad y networking. Por eso creamos El Radar TI: un filtro [&hellip;]","og_url":"https:\/\/javacol.com\/sitio\/radar-ti-3-eventos-tecnologicos-en-colombia-que-impulsan-tu-negocio-digital\/","og_site_name":"Javacol","article_publisher":"https:\/\/www.facebook.com\/JavacolSas\/","article_published_time":"2025-10-12T19:33:04+00:00","article_modified_time":"2025-10-12T19:33:05+00:00","og_image":[{"width":1080,"height":675,"url":"https:\/\/javacol.com\/sitio\/wp-content\/uploads\/2025\/10\/Tadar-TI3-Colombia4.0-experienciatech.png","type":"image\/png"}],"author":"Admin Javacol","twitter_card":"summary_large_image","twitter_misc":{"Escrito por":"Admin Javacol","Tiempo de lectura":"2 minutos"},"schema":{"@context":"https:\/\/schema.org","@graph":[{"@type":"Article","@id":"https:\/\/javacol.com\/sitio\/radar-ti-3-eventos-tecnologicos-en-colombia-que-impulsan-tu-negocio-digital\/#article","isPartOf":{"@id":"https:\/\/javacol.com\/sitio\/radar-ti-3-eventos-tecnologicos-en-colombia-que-impulsan-tu-negocio-digital\/"},"author":{"name":"Admin Javacol","@id":"https:\/\/javacol.com\/sitio\/#\/schema\/person\/c726f79b8f751d2f17af082903516281"},"headline":"Radar TI #3 \u2013 Eventos Tecnol\u00f3gicos en Colombia que Impulsan tu Negocio Digital","datePublished":"2025-10-12T19:33:04+00:00","dateModified":"2025-10-12T19:33:05+00:00","mainEntityOfPage":{"@id":"https:\/\/javacol.com\/sitio\/radar-ti-3-eventos-tecnologicos-en-colombia-que-impulsan-tu-negocio-digital\/"},"wordCount":331,"commentCount":0,"publisher":{"@id":"https:\/\/javacol.com\/sitio\/#organization"},"image":{"@id":"https:\/\/javacol.com\/sitio\/radar-ti-3-eventos-tecnologicos-en-colombia-que-impulsan-tu-negocio-digital\/#primaryimage"},"thumbnailUrl":"https:\/\/javacol.com\/sitio\/wp-content\/uploads\/2025\/10\/Tadar-TI3-Colombia4.0-experienciatech.png","keywords":["Colombia 4.0","emprendimiento digital","Experiencia Tech","Negocios y Tecnolog\u00eda en Medellin","Oportunidades para emprendedores","Radar TI Javacol","SmartFilms"],"articleSection":["Educaci\u00f3n o Eventos"],"inLanguage":"es","potentialAction":[{"@type":"CommentAction","name":"Comment","target":["https:\/\/javacol.com\/sitio\/radar-ti-3-eventos-tecnologicos-en-colombia-que-impulsan-tu-negocio-digital\/#respond"]}]},{"@type":"WebPage","@id":"https:\/\/javacol.com\/sitio\/radar-ti-3-eventos-tecnologicos-en-colombia-que-impulsan-tu-negocio-digital\/","url":"https:\/\/javacol.com\/sitio\/radar-ti-3-eventos-tecnologicos-en-colombia-que-impulsan-tu-negocio-digital\/","name":"Radar TI #3 \u2013 Eventos Tecnol\u00f3gicos en Colombia que Impulsan tu Negocio Digital - Javacol","isPartOf":{"@id":"https:\/\/javacol.com\/sitio\/#website"},"primaryImageOfPage":{"@id":"https:\/\/javacol.com\/sitio\/radar-ti-3-eventos-tecnologicos-en-colombia-que-impulsan-tu-negocio-digital\/#primaryimage"},"image":{"@id":"https:\/\/javacol.com\/sitio\/radar-ti-3-eventos-tecnologicos-en-colombia-que-impulsan-tu-negocio-digital\/#primaryimage"},"thumbnailUrl":"https:\/\/javacol.com\/sitio\/wp-content\/uploads\/2025\/10\/Tadar-TI3-Colombia4.0-experienciatech.png","datePublished":"2025-10-12T19:33:04+00:00","dateModified":"2025-10-12T19:33:05+00:00","breadcrumb":{"@id":"https:\/\/javacol.com\/sitio\/radar-ti-3-eventos-tecnologicos-en-colombia-que-impulsan-tu-negocio-digital\/#breadcrumb"},"inLanguage":"es","potentialAction":[{"@type":"ReadAction","target":["https:\/\/javacol.com\/sitio\/radar-ti-3-eventos-tecnologicos-en-colombia-que-impulsan-tu-negocio-digital\/"]}]},{"@type":"ImageObject","inLanguage":"es","@id":"https:\/\/javacol.com\/sitio\/radar-ti-3-eventos-tecnologicos-en-colombia-que-impulsan-tu-negocio-digital\/#primaryimage","url":"https:\/\/javacol.com\/sitio\/wp-content\/uploads\/2025\/10\/Tadar-TI3-Colombia4.0-experienciatech.png","contentUrl":"https:\/\/javacol.com\/sitio\/wp-content\/uploads\/2025\/10\/Tadar-TI3-Colombia4.0-experienciatech.png","width":1080,"height":675,"caption":"Descubre las oportunidades de la semana: Colombia 4.0, Experiencia Tech y Convocatoria SmartFilms"},{"@type":"BreadcrumbList","@id":"https:\/\/javacol.com\/sitio\/radar-ti-3-eventos-tecnologicos-en-colombia-que-impulsan-tu-negocio-digital\/#breadcrumb","itemListElement":[{"@type":"ListItem","position":1,"name":"Portada","item":"https:\/\/javacol.com\/sitio\/"},{"@type":"ListItem","position":2,"name":"Radar TI #3 \u2013 Eventos Tecnol\u00f3gicos en Colombia que Impulsan tu Negocio Digital"}]},{"@type":"WebSite","@id":"https:\/\/javacol.com\/sitio\/#website","url":"https:\/\/javacol.com\/sitio\/","name":"Javacol","description":"","publisher":{"@id":"https:\/\/javacol.com\/sitio\/#organization"},"potentialAction":[{"@type":"SearchAction","target":{"@type":"EntryPoint","urlTemplate":"https:\/\/javacol.com\/sitio\/?s={search_term_string}"},"query-input":{"@type":"PropertyValueSpecification","valueRequired":true,"valueName":"search_term_string"}}],"inLanguage":"es"},{"@type":"Organization","@id":"https:\/\/javacol.com\/sitio\/#organization","name":"Javacol","url":"https:\/\/javacol.com\/sitio\/","logo":{"@type":"ImageObject","inLanguage":"es","@id":"https:\/\/javacol.com\/sitio\/#\/schema\/logo\/image\/","url":"https:\/\/javacol.com\/sitio\/wp-content\/uploads\/2024\/07\/logojavacol.png","contentUrl":"https:\/\/javacol.com\/sitio\/wp-content\/uploads\/2024\/07\/logojavacol.png","width":1100,"height":304,"caption":"Javacol"},"image":{"@id":"https:\/\/javacol.com\/sitio\/#\/schema\/logo\/image\/"},"sameAs":["https:\/\/www.facebook.com\/JavacolSas\/","https:\/\/www.instagram.com\/javacol_sas\/"]},{"@type":"Person","@id":"https:\/\/javacol.com\/sitio\/#\/schema\/person\/c726f79b8f751d2f17af082903516281","name":"Admin Javacol","image":{"@type":"ImageObject","inLanguage":"es","@id":"https:\/\/javacol.com\/sitio\/#\/schema\/person\/image\/","url":"https:\/\/secure.gravatar.com\/avatar\/3cb75ca9e4eba82219823604ca7a8b179c886f1330408d23339c270232aadf32?s=96&d=mm&r=g","contentUrl":"https:\/\/secure.gravatar.com\/avatar\/3cb75ca9e4eba82219823604ca7a8b179c886f1330408d23339c270232aadf32?s=96&d=mm&r=g","caption":"Admin Javacol"},"sameAs":["https:\/\/javacol.com\/sitio"],"url":"https:\/\/javacol.com\/sitio\/author\/admin\/"}]}},"_links":{"self":[{"href":"https:\/\/javacol.com\/sitio\/wp-json\/wp\/v2\/posts\/6386","targetHints":{"allow":["GET"]}}],"collection":[{"href":"https:\/\/javacol.com\/sitio\/wp-json\/wp\/v2\/posts"}],"about":[{"href":"https:\/\/javacol.com\/sitio\/wp-json\/wp\/v2\/types\/post"}],"author":[{"embeddable":true,"href":"https:\/\/javacol.com\/sitio\/wp-json\/wp\/v2\/users\/1"}],"replies":[{"embeddable":true,"href":"https:\/\/javacol.com\/sitio\/wp-json\/wp\/v2\/comments?post=6386"}],"version-history":[{"count":1,"href":"https:\/\/javacol.com\/sitio\/wp-json\/wp\/v2\/posts\/6386\/revisions"}],"predecessor-version":[{"id":6388,"href":"https:\/\/javacol.com\/sitio\/wp-json\/wp\/v2\/posts\/6386\/revisions\/6388"}],"wp:featuredmedia":[{"embeddable":true,"href":"https:\/\/javacol.com\/sitio\/wp-json\/wp\/v2\/media\/6387"}],"wp:attachment":[{"href":"https:\/\/javacol.com\/sitio\/wp-json\/wp\/v2\/media?parent=6386"}],"wp:term":[{"taxonomy":"category","embeddable":true,"href":"https:\/\/javacol.com\/sitio\/wp-json\/wp\/v2\/categories?post=6386"},{"taxonomy":"post_tag","embeddable":true,"href":"https:\/\/javacol.com\/sitio\/wp-json\/wp\/v2\/tags?post=6386"}],"curies":[{"name":"wp","href":"https:\/\/api.w.org\/{rel}","templated":true}]}}