{"id":6389,"date":"2025-10-19T21:48:15","date_gmt":"2025-10-20T02:48:15","guid":{"rendered":"https:\/\/javacol.com\/sitio\/?p=6389"},"modified":"2025-10-19T21:54:14","modified_gmt":"2025-10-20T02:54:14","slug":"radar-ti-4-eventos-empresariales-en-colombia-que-impulsan-tu-crecimiento-digital","status":"publish","type":"post","link":"https:\/\/javacol.com\/sitio\/radar-ti-4-eventos-empresariales-en-colombia-que-impulsan-tu-crecimiento-digital\/","title":{"rendered":"Radar TI #4 \u2013 Eventos Empresariales en Colombia que Impulsan tu Crecimiento Digital"},"content":{"rendered":"\n<p>En Javacol, creemos que el crecimiento digital va m\u00e1s all\u00e1 de tener un sitio web r\u00e1pido, <a href=\"https:\/\/javacol.com\/sitio\/certificados-ssl\/\">seguro<\/a> y optimizado para SEO. Tambi\u00e9n implica estar al tanto de eventos empreesariales y oportunidades que conectan tecnolog\u00eda, educaci\u00f3n, talento humano y estrategia empresarial.<\/p>\n\n\n\n<p>Por eso creamos el <strong><a href=\"https:\/\/javacol.com\/sitio\/blog\/\">Radar TI<\/a><\/strong>: una selecci\u00f3n semanal de eventos empresariales claves para emprendedores, profesionales del marketing, l\u00edderes de pymes y freelancers que buscan transformar su visi\u00f3n y posicionarse en el ecosistema digital colombiano.<\/p>\n\n\n\n<p>Aqu\u00ed va la edici\u00f3n #4 con tres eventos imperdibles que pueden marcar la diferencia en tu negocio.<\/p>\n\n\n\n<h2 class=\"wp-block-heading\">1. Excelencia Log\u00edstica \u2013 Compensar<\/h2>\n\n\n\n<p><strong>\u00bfQuieres venderle a grandes cadenas?<\/strong> Este evento te ense\u00f1a qu\u00e9 debe tener tu operaci\u00f3n log\u00edstica para escalar y cumplir con los est\u00e1ndares de grandes superficies. Ideal para pymes que quieren profesionalizar sus procesos y abrir nuevas oportunidades comerciales. <\/p>\n\n\n\n<p>\ud83d\udcc5 Evento empresarial gratuito<\/p>\n\n\n\n<p>\ud83d\udd17 <a href=\"https:\/\/emprendimiento.compensar.com\/calendario\/evento\/excelencia-logistica-pendiente-6\">Ver evento<\/a><\/p>\n\n\n\n<h2 class=\"wp-block-heading\">2. Encuentro Red Divulga \u2013 UdeA<\/h2>\n\n\n\n<p><strong>Ciencia que resuena: voces, rutas y territorios<\/strong>. Un espacio para conectar la investigaci\u00f3n acad\u00e9mica con las comunidades. Este encuentro promueve la divulgaci\u00f3n cient\u00edfica con enfoque territorial, social y cultural. <\/p>\n\n\n\n<p>\ud83d\udcc5 Evento acad\u00e9mico<\/p>\n\n\n\n<p>Evento presencial &#8211; Universidad de Antioquia <\/p>\n\n\n\n<p>\ud83d\udd17 <a href=\"https:\/\/www.udea.edu.co\/wps\/portal\/udea\/web\/generales\/interna\/investigacion\/asContenidos\/asListado\/encuentro-red-divulga-2025-ciencia-que-resuena-voces-rutas-y-territorios\">Ver evento<\/a><\/p>\n\n\n\n<h2 class=\"wp-block-heading\">3. HR Community Summit 2025<\/h2>\n\n\n\n<p><strong>L\u00edderes de talento humano y lideres Empresariales en acci\u00f3n<\/strong>. Inscribete y conecta para compartir buenas pr\u00e1cticas, innovaci\u00f3n en gesti\u00f3n humana y cultura organizacional. M\u00e1s de 1.000 lideres de talento humano y CEO\u00b4s reunidos para compartir sus experiencias. Ideal para profesionales de RRHH, l\u00edderes de equipos y empresas que valoran el desarrollo del talento.<\/p>\n\n\n\n<p>\ud83d\udcc5Octubre 27 a las 4:00 PM &#8211;  Evento gratuito <\/p>\n\n\n\n<p>Evento empresarial presencial &#8211; Teatro Cafam Bogot\u00e1<\/p>\n\n\n\n<p>\ud83d\udd17 Haz parte de esta comunidad, <a href=\"https:\/\/forms.monday.com\/forms\/1d3a178d53842a755b9149ef63c0f9a3?r=use1\">reg\u00edstrate Ya<\/a>! <br>\ud83d\udd17 <a href=\"https:\/\/www.hrcommunitylatam.com\/\">Ver evento<\/a><\/p>\n\n\n\n<h2 class=\"wp-block-heading\">\u00bfPor qu\u00e9 esto importa?<\/h2>\n\n\n\n<p>En Javacol, no solo te ofrecemos <strong><a href=\"https:\/\/javacol.com\/sitio\/webhosting\/\">hosting<\/a>, <a href=\"https:\/\/javacol.com\/sitio\/registro-dominios\/\">dominios<\/a>, <a href=\"https:\/\/javacol.com\/sitio\/email\/\">correos corporativos<\/a>, <a href=\"https:\/\/javacol.com\/sitio\/certificados-ssl\/\">certificados SSL<\/a> y sitios web optimizados para SEO<\/strong>. Tambi\u00e9n te conectamos con las oportunidades que fortalecen tu estrategia digital y empresarial.<\/p>\n\n\n\n<p><strong>Radar TI<\/strong> es tu aliado para tomar decisiones informadas, conectar con l\u00edderes del sector y posicionarte como protagonista en el ecosistema tecnol\u00f3gico y empresarial de Colombia.<\/p>\n\n\n\n<h2 class=\"wp-block-heading\"><br>\u00bfTe gust\u00f3 esta edici\u00f3n?<\/h2>\n\n\n\n<p>Comp\u00e1rtela con tu red y suscr\u00edbete para recibirla directamente en tu correo. Visita nuestro blog en <a href=\"https:\/\/javacol.com\/sitio\/blog\/\">javacol.com\/sitio\/blog<\/a> y descubre m\u00e1s contenido estrat\u00e9gico para tu negocio.<\/p>\n","protected":false},"excerpt":{"rendered":"<p>Eventos Empresariales, Unete a HR Community Summit 2025. \u00bfQuieres venderle a grandes superficies? Aqu\u00ed te contamos c\u00f3mo lograrlo.<br \/>\nUdeA<\/p>\n","protected":false},"author":1,"featured_media":6390,"comment_status":"open","ping_status":"open","sticky":false,"template":"","format":"standard","meta":{"_et_pb_use_builder":"off","_et_pb_old_content":"","_et_gb_content_width":"","footnotes":""},"categories":[21],"tags":[49,50,31,52,51,48,41],"class_list":["post-6389","post","type-post","status-publish","format-standard","has-post-thumbnail","hentry","category-educacion-o-eventos","tag-comunidad-hr-summit","tag-crecimiento-digital","tag-emprendimiento-digital","tag-eventos-empresariales","tag-eventos-tecnologicos","tag-oportunidad-para-pyme","tag-radar-ti-javacol"],"yoast_head":"<!-- This site is optimized with the Yoast SEO plugin v26.9 - https:\/\/yoast.com\/product\/yoast-seo-wordpress\/ -->\n<title>Radar TI #4 \u2013 Eventos Empresariales en Colombia que Impulsan tu Crecimiento Digital - Javacol<\/title>\n<meta name=\"robots\" content=\"index, follow, max-snippet:-1, max-image-preview:large, max-video-preview:-1\" \/>\n<link rel=\"canonical\" href=\"https:\/\/javacol.com\/sitio\/radar-ti-4-eventos-empresariales-en-colombia-que-impulsan-tu-crecimiento-digital\/\" \/>\n<meta property=\"og:locale\" content=\"es_ES\" \/>\n<meta property=\"og:type\" content=\"article\" \/>\n<meta property=\"og:title\" content=\"Radar TI #4 \u2013 Eventos Empresariales en Colombia que Impulsan tu Crecimiento Digital - Javacol\" \/>\n<meta property=\"og:description\" content=\"Eventos Empresariales, Unete a HR Community Summit 2025. \u00bfQuieres venderle a grandes superficies? Aqu\u00ed te contamos c\u00f3mo lograrlo. UdeA\" \/>\n<meta property=\"og:url\" content=\"https:\/\/javacol.com\/sitio\/radar-ti-4-eventos-empresariales-en-colombia-que-impulsan-tu-crecimiento-digital\/\" \/>\n<meta property=\"og:site_name\" content=\"Javacol\" \/>\n<meta property=\"article:publisher\" content=\"https:\/\/www.facebook.com\/JavacolSas\/\" \/>\n<meta property=\"article:published_time\" content=\"2025-10-20T02:48:15+00:00\" \/>\n<meta property=\"article:modified_time\" content=\"2025-10-20T02:54:14+00:00\" \/>\n<meta property=\"og:image\" content=\"https:\/\/javacol.com\/sitio\/wp-content\/uploads\/2025\/10\/HR-Community-RadarTI4-Vender-a-grandes-cadenas.png\" \/>\n\t<meta property=\"og:image:width\" content=\"1080\" \/>\n\t<meta property=\"og:image:height\" content=\"675\" \/>\n\t<meta property=\"og:image:type\" content=\"image\/png\" \/>\n<meta name=\"author\" content=\"Admin Javacol\" \/>\n<meta name=\"twitter:card\" content=\"summary_large_image\" \/>\n<meta name=\"twitter:label1\" content=\"Escrito por\" \/>\n\t<meta name=\"twitter:data1\" content=\"Admin Javacol\" \/>\n\t<meta name=\"twitter:label2\" content=\"Tiempo de lectura\" \/>\n\t<meta name=\"twitter:data2\" content=\"2 minutos\" \/>\n<script type=\"application\/ld+json\" class=\"yoast-schema-graph\">{\"@context\":\"https:\/\/schema.org\",\"@graph\":[{\"@type\":\"Article\",\"@id\":\"https:\/\/javacol.com\/sitio\/radar-ti-4-eventos-empresariales-en-colombia-que-impulsan-tu-crecimiento-digital\/#article\",\"isPartOf\":{\"@id\":\"https:\/\/javacol.com\/sitio\/radar-ti-4-eventos-empresariales-en-colombia-que-impulsan-tu-crecimiento-digital\/\"},\"author\":{\"name\":\"Admin Javacol\",\"@id\":\"https:\/\/javacol.com\/sitio\/#\/schema\/person\/c726f79b8f751d2f17af082903516281\"},\"headline\":\"Radar TI #4 \u2013 Eventos Empresariales en Colombia que Impulsan tu Crecimiento Digital\",\"datePublished\":\"2025-10-20T02:48:15+00:00\",\"dateModified\":\"2025-10-20T02:54:14+00:00\",\"mainEntityOfPage\":{\"@id\":\"https:\/\/javacol.com\/sitio\/radar-ti-4-eventos-empresariales-en-colombia-que-impulsan-tu-crecimiento-digital\/\"},\"wordCount\":398,\"commentCount\":0,\"publisher\":{\"@id\":\"https:\/\/javacol.com\/sitio\/#organization\"},\"image\":{\"@id\":\"https:\/\/javacol.com\/sitio\/radar-ti-4-eventos-empresariales-en-colombia-que-impulsan-tu-crecimiento-digital\/#primaryimage\"},\"thumbnailUrl\":\"https:\/\/javacol.com\/sitio\/wp-content\/uploads\/2025\/10\/HR-Community-RadarTI4-Vender-a-grandes-cadenas.png\",\"keywords\":[\"Comunidad HR Summit\",\"crecimiento digital\",\"emprendimiento digital\",\"eventos empresariales\",\"Eventos tecnol\u00f3gicos\",\"oportunidad para pyme\",\"Radar TI Javacol\"],\"articleSection\":[\"Educaci\u00f3n o Eventos\"],\"inLanguage\":\"es\",\"potentialAction\":[{\"@type\":\"CommentAction\",\"name\":\"Comment\",\"target\":[\"https:\/\/javacol.com\/sitio\/radar-ti-4-eventos-empresariales-en-colombia-que-impulsan-tu-crecimiento-digital\/#respond\"]}]},{\"@type\":\"WebPage\",\"@id\":\"https:\/\/javacol.com\/sitio\/radar-ti-4-eventos-empresariales-en-colombia-que-impulsan-tu-crecimiento-digital\/\",\"url\":\"https:\/\/javacol.com\/sitio\/radar-ti-4-eventos-empresariales-en-colombia-que-impulsan-tu-crecimiento-digital\/\",\"name\":\"Radar TI #4 \u2013 Eventos Empresariales en Colombia que Impulsan tu Crecimiento Digital - Javacol\",\"isPartOf\":{\"@id\":\"https:\/\/javacol.com\/sitio\/#website\"},\"primaryImageOfPage\":{\"@id\":\"https:\/\/javacol.com\/sitio\/radar-ti-4-eventos-empresariales-en-colombia-que-impulsan-tu-crecimiento-digital\/#primaryimage\"},\"image\":{\"@id\":\"https:\/\/javacol.com\/sitio\/radar-ti-4-eventos-empresariales-en-colombia-que-impulsan-tu-crecimiento-digital\/#primaryimage\"},\"thumbnailUrl\":\"https:\/\/javacol.com\/sitio\/wp-content\/uploads\/2025\/10\/HR-Community-RadarTI4-Vender-a-grandes-cadenas.png\",\"datePublished\":\"2025-10-20T02:48:15+00:00\",\"dateModified\":\"2025-10-20T02:54:14+00:00\",\"breadcrumb\":{\"@id\":\"https:\/\/javacol.com\/sitio\/radar-ti-4-eventos-empresariales-en-colombia-que-impulsan-tu-crecimiento-digital\/#breadcrumb\"},\"inLanguage\":\"es\",\"potentialAction\":[{\"@type\":\"ReadAction\",\"target\":[\"https:\/\/javacol.com\/sitio\/radar-ti-4-eventos-empresariales-en-colombia-que-impulsan-tu-crecimiento-digital\/\"]}]},{\"@type\":\"ImageObject\",\"inLanguage\":\"es\",\"@id\":\"https:\/\/javacol.com\/sitio\/radar-ti-4-eventos-empresariales-en-colombia-que-impulsan-tu-crecimiento-digital\/#primaryimage\",\"url\":\"https:\/\/javacol.com\/sitio\/wp-content\/uploads\/2025\/10\/HR-Community-RadarTI4-Vender-a-grandes-cadenas.png\",\"contentUrl\":\"https:\/\/javacol.com\/sitio\/wp-content\/uploads\/2025\/10\/HR-Community-RadarTI4-Vender-a-grandes-cadenas.png\",\"width\":1080,\"height\":675,\"caption\":\"Oportunidades para escalar, conectar y liderar\"},{\"@type\":\"BreadcrumbList\",\"@id\":\"https:\/\/javacol.com\/sitio\/radar-ti-4-eventos-empresariales-en-colombia-que-impulsan-tu-crecimiento-digital\/#breadcrumb\",\"itemListElement\":[{\"@type\":\"ListItem\",\"position\":1,\"name\":\"Portada\",\"item\":\"https:\/\/javacol.com\/sitio\/\"},{\"@type\":\"ListItem\",\"position\":2,\"name\":\"Radar TI #4 \u2013 Eventos Empresariales en Colombia que Impulsan tu Crecimiento Digital\"}]},{\"@type\":\"WebSite\",\"@id\":\"https:\/\/javacol.com\/sitio\/#website\",\"url\":\"https:\/\/javacol.com\/sitio\/\",\"name\":\"Javacol\",\"description\":\"\",\"publisher\":{\"@id\":\"https:\/\/javacol.com\/sitio\/#organization\"},\"potentialAction\":[{\"@type\":\"SearchAction\",\"target\":{\"@type\":\"EntryPoint\",\"urlTemplate\":\"https:\/\/javacol.com\/sitio\/?s={search_term_string}\"},\"query-input\":{\"@type\":\"PropertyValueSpecification\",\"valueRequired\":true,\"valueName\":\"search_term_string\"}}],\"inLanguage\":\"es\"},{\"@type\":\"Organization\",\"@id\":\"https:\/\/javacol.com\/sitio\/#organization\",\"name\":\"Javacol\",\"url\":\"https:\/\/javacol.com\/sitio\/\",\"logo\":{\"@type\":\"ImageObject\",\"inLanguage\":\"es\",\"@id\":\"https:\/\/javacol.com\/sitio\/#\/schema\/logo\/image\/\",\"url\":\"https:\/\/javacol.com\/sitio\/wp-content\/uploads\/2024\/07\/logojavacol.png\",\"contentUrl\":\"https:\/\/javacol.com\/sitio\/wp-content\/uploads\/2024\/07\/logojavacol.png\",\"width\":1100,\"height\":304,\"caption\":\"Javacol\"},\"image\":{\"@id\":\"https:\/\/javacol.com\/sitio\/#\/schema\/logo\/image\/\"},\"sameAs\":[\"https:\/\/www.facebook.com\/JavacolSas\/\",\"https:\/\/www.instagram.com\/javacol_sas\/\"]},{\"@type\":\"Person\",\"@id\":\"https:\/\/javacol.com\/sitio\/#\/schema\/person\/c726f79b8f751d2f17af082903516281\",\"name\":\"Admin Javacol\",\"image\":{\"@type\":\"ImageObject\",\"inLanguage\":\"es\",\"@id\":\"https:\/\/javacol.com\/sitio\/#\/schema\/person\/image\/\",\"url\":\"https:\/\/secure.gravatar.com\/avatar\/3cb75ca9e4eba82219823604ca7a8b179c886f1330408d23339c270232aadf32?s=96&d=mm&r=g\",\"contentUrl\":\"https:\/\/secure.gravatar.com\/avatar\/3cb75ca9e4eba82219823604ca7a8b179c886f1330408d23339c270232aadf32?s=96&d=mm&r=g\",\"caption\":\"Admin Javacol\"},\"sameAs\":[\"https:\/\/javacol.com\/sitio\"],\"url\":\"https:\/\/javacol.com\/sitio\/author\/admin\/\"}]}<\/script>\n<!-- \/ Yoast SEO plugin. -->","yoast_head_json":{"title":"Radar TI #4 \u2013 Eventos Empresariales en Colombia que Impulsan tu Crecimiento Digital - Javacol","robots":{"index":"index","follow":"follow","max-snippet":"max-snippet:-1","max-image-preview":"max-image-preview:large","max-video-preview":"max-video-preview:-1"},"canonical":"https:\/\/javacol.com\/sitio\/radar-ti-4-eventos-empresariales-en-colombia-que-impulsan-tu-crecimiento-digital\/","og_locale":"es_ES","og_type":"article","og_title":"Radar TI #4 \u2013 Eventos Empresariales en Colombia que Impulsan tu Crecimiento Digital - Javacol","og_description":"Eventos Empresariales, Unete a HR Community Summit 2025. \u00bfQuieres venderle a grandes superficies? Aqu\u00ed te contamos c\u00f3mo lograrlo. UdeA","og_url":"https:\/\/javacol.com\/sitio\/radar-ti-4-eventos-empresariales-en-colombia-que-impulsan-tu-crecimiento-digital\/","og_site_name":"Javacol","article_publisher":"https:\/\/www.facebook.com\/JavacolSas\/","article_published_time":"2025-10-20T02:48:15+00:00","article_modified_time":"2025-10-20T02:54:14+00:00","og_image":[{"width":1080,"height":675,"url":"https:\/\/javacol.com\/sitio\/wp-content\/uploads\/2025\/10\/HR-Community-RadarTI4-Vender-a-grandes-cadenas.png","type":"image\/png"}],"author":"Admin Javacol","twitter_card":"summary_large_image","twitter_misc":{"Escrito por":"Admin Javacol","Tiempo de lectura":"2 minutos"},"schema":{"@context":"https:\/\/schema.org","@graph":[{"@type":"Article","@id":"https:\/\/javacol.com\/sitio\/radar-ti-4-eventos-empresariales-en-colombia-que-impulsan-tu-crecimiento-digital\/#article","isPartOf":{"@id":"https:\/\/javacol.com\/sitio\/radar-ti-4-eventos-empresariales-en-colombia-que-impulsan-tu-crecimiento-digital\/"},"author":{"name":"Admin Javacol","@id":"https:\/\/javacol.com\/sitio\/#\/schema\/person\/c726f79b8f751d2f17af082903516281"},"headline":"Radar TI #4 \u2013 Eventos Empresariales en Colombia que Impulsan tu Crecimiento Digital","datePublished":"2025-10-20T02:48:15+00:00","dateModified":"2025-10-20T02:54:14+00:00","mainEntityOfPage":{"@id":"https:\/\/javacol.com\/sitio\/radar-ti-4-eventos-empresariales-en-colombia-que-impulsan-tu-crecimiento-digital\/"},"wordCount":398,"commentCount":0,"publisher":{"@id":"https:\/\/javacol.com\/sitio\/#organization"},"image":{"@id":"https:\/\/javacol.com\/sitio\/radar-ti-4-eventos-empresariales-en-colombia-que-impulsan-tu-crecimiento-digital\/#primaryimage"},"thumbnailUrl":"https:\/\/javacol.com\/sitio\/wp-content\/uploads\/2025\/10\/HR-Community-RadarTI4-Vender-a-grandes-cadenas.png","keywords":["Comunidad HR Summit","crecimiento digital","emprendimiento digital","eventos empresariales","Eventos tecnol\u00f3gicos","oportunidad para pyme","Radar TI Javacol"],"articleSection":["Educaci\u00f3n o Eventos"],"inLanguage":"es","potentialAction":[{"@type":"CommentAction","name":"Comment","target":["https:\/\/javacol.com\/sitio\/radar-ti-4-eventos-empresariales-en-colombia-que-impulsan-tu-crecimiento-digital\/#respond"]}]},{"@type":"WebPage","@id":"https:\/\/javacol.com\/sitio\/radar-ti-4-eventos-empresariales-en-colombia-que-impulsan-tu-crecimiento-digital\/","url":"https:\/\/javacol.com\/sitio\/radar-ti-4-eventos-empresariales-en-colombia-que-impulsan-tu-crecimiento-digital\/","name":"Radar TI #4 \u2013 Eventos Empresariales en Colombia que Impulsan tu Crecimiento Digital - Javacol","isPartOf":{"@id":"https:\/\/javacol.com\/sitio\/#website"},"primaryImageOfPage":{"@id":"https:\/\/javacol.com\/sitio\/radar-ti-4-eventos-empresariales-en-colombia-que-impulsan-tu-crecimiento-digital\/#primaryimage"},"image":{"@id":"https:\/\/javacol.com\/sitio\/radar-ti-4-eventos-empresariales-en-colombia-que-impulsan-tu-crecimiento-digital\/#primaryimage"},"thumbnailUrl":"https:\/\/javacol.com\/sitio\/wp-content\/uploads\/2025\/10\/HR-Community-RadarTI4-Vender-a-grandes-cadenas.png","datePublished":"2025-10-20T02:48:15+00:00","dateModified":"2025-10-20T02:54:14+00:00","breadcrumb":{"@id":"https:\/\/javacol.com\/sitio\/radar-ti-4-eventos-empresariales-en-colombia-que-impulsan-tu-crecimiento-digital\/#breadcrumb"},"inLanguage":"es","potentialAction":[{"@type":"ReadAction","target":["https:\/\/javacol.com\/sitio\/radar-ti-4-eventos-empresariales-en-colombia-que-impulsan-tu-crecimiento-digital\/"]}]},{"@type":"ImageObject","inLanguage":"es","@id":"https:\/\/javacol.com\/sitio\/radar-ti-4-eventos-empresariales-en-colombia-que-impulsan-tu-crecimiento-digital\/#primaryimage","url":"https:\/\/javacol.com\/sitio\/wp-content\/uploads\/2025\/10\/HR-Community-RadarTI4-Vender-a-grandes-cadenas.png","contentUrl":"https:\/\/javacol.com\/sitio\/wp-content\/uploads\/2025\/10\/HR-Community-RadarTI4-Vender-a-grandes-cadenas.png","width":1080,"height":675,"caption":"Oportunidades para escalar, conectar y liderar"},{"@type":"BreadcrumbList","@id":"https:\/\/javacol.com\/sitio\/radar-ti-4-eventos-empresariales-en-colombia-que-impulsan-tu-crecimiento-digital\/#breadcrumb","itemListElement":[{"@type":"ListItem","position":1,"name":"Portada","item":"https:\/\/javacol.com\/sitio\/"},{"@type":"ListItem","position":2,"name":"Radar TI #4 \u2013 Eventos Empresariales en Colombia que Impulsan tu Crecimiento Digital"}]},{"@type":"WebSite","@id":"https:\/\/javacol.com\/sitio\/#website","url":"https:\/\/javacol.com\/sitio\/","name":"Javacol","description":"","publisher":{"@id":"https:\/\/javacol.com\/sitio\/#organization"},"potentialAction":[{"@type":"SearchAction","target":{"@type":"EntryPoint","urlTemplate":"https:\/\/javacol.com\/sitio\/?s={search_term_string}"},"query-input":{"@type":"PropertyValueSpecification","valueRequired":true,"valueName":"search_term_string"}}],"inLanguage":"es"},{"@type":"Organization","@id":"https:\/\/javacol.com\/sitio\/#organization","name":"Javacol","url":"https:\/\/javacol.com\/sitio\/","logo":{"@type":"ImageObject","inLanguage":"es","@id":"https:\/\/javacol.com\/sitio\/#\/schema\/logo\/image\/","url":"https:\/\/javacol.com\/sitio\/wp-content\/uploads\/2024\/07\/logojavacol.png","contentUrl":"https:\/\/javacol.com\/sitio\/wp-content\/uploads\/2024\/07\/logojavacol.png","width":1100,"height":304,"caption":"Javacol"},"image":{"@id":"https:\/\/javacol.com\/sitio\/#\/schema\/logo\/image\/"},"sameAs":["https:\/\/www.facebook.com\/JavacolSas\/","https:\/\/www.instagram.com\/javacol_sas\/"]},{"@type":"Person","@id":"https:\/\/javacol.com\/sitio\/#\/schema\/person\/c726f79b8f751d2f17af082903516281","name":"Admin Javacol","image":{"@type":"ImageObject","inLanguage":"es","@id":"https:\/\/javacol.com\/sitio\/#\/schema\/person\/image\/","url":"https:\/\/secure.gravatar.com\/avatar\/3cb75ca9e4eba82219823604ca7a8b179c886f1330408d23339c270232aadf32?s=96&d=mm&r=g","contentUrl":"https:\/\/secure.gravatar.com\/avatar\/3cb75ca9e4eba82219823604ca7a8b179c886f1330408d23339c270232aadf32?s=96&d=mm&r=g","caption":"Admin Javacol"},"sameAs":["https:\/\/javacol.com\/sitio"],"url":"https:\/\/javacol.com\/sitio\/author\/admin\/"}]}},"_links":{"self":[{"href":"https:\/\/javacol.com\/sitio\/wp-json\/wp\/v2\/posts\/6389","targetHints":{"allow":["GET"]}}],"collection":[{"href":"https:\/\/javacol.com\/sitio\/wp-json\/wp\/v2\/posts"}],"about":[{"href":"https:\/\/javacol.com\/sitio\/wp-json\/wp\/v2\/types\/post"}],"author":[{"embeddable":true,"href":"https:\/\/javacol.com\/sitio\/wp-json\/wp\/v2\/users\/1"}],"replies":[{"embeddable":true,"href":"https:\/\/javacol.com\/sitio\/wp-json\/wp\/v2\/comments?post=6389"}],"version-history":[{"count":7,"href":"https:\/\/javacol.com\/sitio\/wp-json\/wp\/v2\/posts\/6389\/revisions"}],"predecessor-version":[{"id":6399,"href":"https:\/\/javacol.com\/sitio\/wp-json\/wp\/v2\/posts\/6389\/revisions\/6399"}],"wp:featuredmedia":[{"embeddable":true,"href":"https:\/\/javacol.com\/sitio\/wp-json\/wp\/v2\/media\/6390"}],"wp:attachment":[{"href":"https:\/\/javacol.com\/sitio\/wp-json\/wp\/v2\/media?parent=6389"}],"wp:term":[{"taxonomy":"category","embeddable":true,"href":"https:\/\/javacol.com\/sitio\/wp-json\/wp\/v2\/categories?post=6389"},{"taxonomy":"post_tag","embeddable":true,"href":"https:\/\/javacol.com\/sitio\/wp-json\/wp\/v2\/tags?post=6389"}],"curies":[{"name":"wp","href":"https:\/\/api.w.org\/{rel}","templated":true}]}}