{"id":6436,"date":"2025-11-04T17:26:27","date_gmt":"2025-11-04T22:26:27","guid":{"rendered":"https:\/\/javacol.com\/sitio\/?p=6436"},"modified":"2025-11-04T19:24:27","modified_gmt":"2025-11-05T00:24:27","slug":"radar-ti-de-javacol-eventos-y-ferias-de-negocios-en-colombia-para-pymes-y-emprendedores","status":"publish","type":"post","link":"https:\/\/javacol.com\/sitio\/radar-ti-de-javacol-eventos-y-ferias-de-negocios-en-colombia-para-pymes-y-emprendedores\/","title":{"rendered":"Radar TI #6 de Javacol: Eventos y Ferias de Negocios en Colombia para Pymes y Emprendedores"},"content":{"rendered":"\n<p>\u00a1Hola, comunidad Javacol! Volvemos con una nueva edici\u00f3n de \u00abEl Radar TI\u00bb, tu curado semanal de noticias y oportunidades clave para impulsar tu proyecto o pyme. Esta semana, el foco est\u00e1 en la <strong>acci\u00f3n presencial<\/strong>: hemos rastreado las ferias, jornadas de <em>networking<\/em> y eventos de ciberseguridad m\u00e1s relevantes que no puedes perderte. Prepara tu agenda, porque las mejores oportunidades de crecimiento y contacto con clientes est\u00e1n ocurriendo cerca de ti. \u00a1Empecemos!<\/p>\n\n\n\n<h3 class=\"wp-block-heading\">1. Jornada de Ciberseguridad UNAL: Protege tu Negocio Digital<\/h3>\n\n\n\n<p><strong>Resumen de Valor:<\/strong> En un mundo donde los negocios digitales dependen de su <a href=\"https:\/\/javacol.com\/sitio\/webhosting\/\">hosting<\/a> y la seguridad de sus datos (<a href=\"https:\/\/javacol.com\/sitio\/certificados-ssl\/\">algo que en Javacol tomamos muy en serio<\/a>), la Sexta Jornada de Ciberseguridad de la Universidad Nacional (JCUN2025) es una cita obligada. Es crucial para <em><a href=\"https:\/\/javacol.com\/sitio\/planes-reseller\/\">freelancers<\/a><\/em> y due\u00f1os de pymes entender las nuevas amenazas digitales para proteger no solo sus activos, sino tambi\u00e9n la informaci\u00f3n de sus clientes. Este evento ofrece <em>insights<\/em> valiosos sobre <em>hacking<\/em> \u00e9tico, <em>phishing<\/em> avanzado y c\u00f3mo estructurar una arquitectura de seguridad robusta. <\/p>\n\n\n\n<p><strong>Oportunidad Clave:<\/strong> Ideal para <em>freelancers<\/em> que gestionan la seguridad de sitios web de clientes o pymes que buscan minimizar riesgos de <em>ransomware<\/em> y proteger su reputaci\u00f3n. Asistir te da el conocimiento para blindar tu negocio y, de paso, agregar un servicio de consultor\u00eda de seguridad a tu portafolio.<\/p>\n\n\n\n<p><strong>Enlace de la Fuente:<\/strong> <a href=\"https:\/\/jcunal.com\/\">JCUN2025 &#8211; Sexta Jornada de Ciberseguridad de la UNAL<\/a><\/p>\n\n\n\n<h3 class=\"wp-block-heading\">2. Ferias Locales de la CCB: Oportunidades Comerciales Cerca de Ti<\/h3>\n\n\n\n<p><strong>Resumen de Valor:<\/strong> La C\u00e1mara de Comercio de Bogot\u00e1 (CCB) impulsa continuamente las <em>Ferias para tu Negocio en tu localidad<\/em>, acercando el <em>networking<\/em> a las pymes y emprendedores en sus propios barrios. En lugar de gastar en grandes eventos, esta iniciativa te permite conectar directamente con potenciales clientes, proveedores y otros emprendedores en tu zona de influencia. Es una t\u00e1ctica de <em>marketing<\/em> de guerrilla efectiva para fortalecer tu marca a nivel local. <\/p>\n\n\n\n<p><strong>Oportunidad Clave:<\/strong> Una oportunidad \u00fanica para pymes y negocios locales (tiendas virtuales, servicios de dise\u00f1o, talleres) de darse a conocer, generar ventas directas y, lo m\u00e1s importante, construir relaciones comerciales duraderas en la comunidad sin incurrir en altos costos de desplazamiento o <em>stands<\/em> en ferias centrales.<\/p>\n\n\n\n<p><a href=\"https:\/\/www.ccb.org.co\/de-interes\/noticias\/llega-la-feria-para-tu-negocio-a-tu-localidad\">Conoce la programaci\u00f3n de las diferentes ferias y asiste en tu localidad, <\/a><\/p>\n\n\n\n<h3 class=\"wp-block-heading\">3. Andina Pack: Innovaci\u00f3n y Eficiencia para tu Producto<\/h3>\n\n\n\n<p><strong>Resumen de Valor:<\/strong> Para cualquier pyme o emprendedor con un producto f\u00edsico (desde alimentos hasta bienes de consumo), <strong>Andina Pack<\/strong> es la feria de empaques, envases y embalajes m\u00e1s importante de la regi\u00f3n andina. El <em>packaging<\/em> no es solo un contenedor; es una herramienta de <em>marketing<\/em> y, en el <em>e-commerce<\/em>, es la primera impresi\u00f3n f\u00edsica que recibe tu cliente. Este evento muestra la \u00faltima tecnolog\u00eda para optimizar costos y mejorar la sostenibilidad de tus empaques. <\/p>\n\n\n\n<p><strong>Oportunidad Clave:<\/strong> Indispensable para pymes de <em>e-commerce<\/em> que buscan reducir costos de env\u00edo, mejorar la experiencia de <em>unboxing<\/em> del cliente y adoptar soluciones de empaque ecol\u00f3gicas que hoy son valoradas por el consumidor colombiano. Es una inversi\u00f3n directa en la rentabilidad y la imagen de tu marca.<\/p>\n\n\n\n<p><strong>Enlace de la Fuente:<\/strong> <a href=\"https:\/\/andinapack.com\/es\">Andina Pack<\/a><\/p>\n\n\n\n<h3 class=\"wp-block-heading\">4. GRAN SAL\u00d3N FERRETERO: Conectando con un Sector Esencial<\/h3>\n\n\n\n<p><strong>Resumen de Valor:<\/strong> El sector ferretero es un motor constante de la econom\u00eda y un excelente nicho para proveedores de servicios, incluyendo dise\u00f1o web, consultor\u00eda y soluciones de inventario. El <strong>Gran Sal\u00f3n Ferretero<\/strong> es el punto de encuentro anual de fabricantes, distribuidores y ferreteros. Aunque tu negocio sea digital, este es el lugar ideal para contactar con negocios tradicionales que est\u00e1n iniciando su transici\u00f3n al mundo online y necesitan hosting, dominios y soluciones <em>e-commerce<\/em>. <\/p>\n\n\n\n<p><strong>Oportunidad Clave:<\/strong> Ideal para <em>freelancers<\/em> y pymes de desarrollo web que buscan clientes B2B. Muestra c\u00f3mo tu servicio de hosting o tu habilidad para crear tiendas virtuales pueden modernizar un negocio ferretero y expandir su alcance m\u00e1s all\u00e1 de su punto de venta f\u00edsico.<\/p>\n\n\n\n<p><strong>Conoce m\u00e1 del<\/strong> <a href=\"https:\/\/www.gransalonferretero.com\/\">GRAN SALON FERRETERO<\/a><\/p>\n\n\n\n<p>\u00a1Hasta aqu\u00ed el <a href=\"https:\/\/javacol.com\/sitio\/radar-ti-eventos-digitales-networking-colombia\/\">Radar TI de Javacol<\/a> de esta semana! Esperamos que estas oportunidades te inspiren a cerrar grandes negocios, asegurar tu infraestructura digital y, sobre todo, a expandir tu red de contactos en Colombia. Recuerda que, para cualquier emprendimiento, la base es un buen hosting y un dominio seguro.<\/p>\n\n\n\n<p><strong>\u00a1Cu\u00e9ntanos en los comentarios a cu\u00e1l de estos eventos asistir\u00e1s!<\/strong> Nos leemos la pr\u00f3xima semana.<\/p>\n","protected":false},"excerpt":{"rendered":"<p>\u00a1Hola, comunidad Javacol! Volvemos con una nueva edici\u00f3n de \u00abEl Radar TI\u00bb, tu curado semanal de noticias y oportunidades clave para impulsar tu proyecto o pyme. Esta semana, el foco est\u00e1 en la acci\u00f3n presencial: hemos rastreado las ferias, jornadas de networking y eventos de ciberseguridad m\u00e1s relevantes que no puedes perderte. Prepara tu agenda, [&hellip;]<\/p>\n","protected":false},"author":1,"featured_media":6442,"comment_status":"open","ping_status":"open","sticky":false,"template":"","format":"standard","meta":{"_et_pb_use_builder":"off","_et_pb_old_content":"","_et_gb_content_width":"","footnotes":""},"categories":[21],"tags":[67,62,66,50,64,63,68,61,65,48,42,41],"class_list":["post-6436","post","type-post","status-publish","format-standard","has-post-thumbnail","hentry","category-educacion-o-eventos","tag-6ta-jornada-de-ciberseguridad","tag-andina-pack","tag-atrae-mas-clientes","tag-crecimiento-digital","tag-feria-para-tu-negocio","tag-gran-salon-ferretero","tag-inteligencia-artificila-en-la-ciberseguridad","tag-jcun2025","tag-mejora-ventas","tag-oportunidad-para-pyme","tag-oportunidades-para-emprendedores","tag-radar-ti-javacol"],"yoast_head":"<!-- This site is optimized with the Yoast SEO plugin v26.9 - https:\/\/yoast.com\/product\/yoast-seo-wordpress\/ -->\n<title>Radar TI #6 de Javacol: Eventos y Ferias de Negocios en Colombia para Pymes y Emprendedores - Javacol<\/title>\n<meta name=\"robots\" content=\"index, follow, max-snippet:-1, max-image-preview:large, max-video-preview:-1\" \/>\n<link rel=\"canonical\" href=\"https:\/\/javacol.com\/sitio\/radar-ti-de-javacol-eventos-y-ferias-de-negocios-en-colombia-para-pymes-y-emprendedores\/\" \/>\n<meta property=\"og:locale\" content=\"es_ES\" \/>\n<meta property=\"og:type\" content=\"article\" \/>\n<meta property=\"og:title\" content=\"Radar TI #6 de Javacol: Eventos y Ferias de Negocios en Colombia para Pymes y Emprendedores - Javacol\" \/>\n<meta property=\"og:description\" content=\"\u00a1Hola, comunidad Javacol! Volvemos con una nueva edici\u00f3n de \u00abEl Radar TI\u00bb, tu curado semanal de noticias y oportunidades clave para impulsar tu proyecto o pyme. Esta semana, el foco est\u00e1 en la acci\u00f3n presencial: hemos rastreado las ferias, jornadas de networking y eventos de ciberseguridad m\u00e1s relevantes que no puedes perderte. Prepara tu agenda, [&hellip;]\" \/>\n<meta property=\"og:url\" content=\"https:\/\/javacol.com\/sitio\/radar-ti-de-javacol-eventos-y-ferias-de-negocios-en-colombia-para-pymes-y-emprendedores\/\" \/>\n<meta property=\"og:site_name\" content=\"Javacol\" \/>\n<meta property=\"article:publisher\" content=\"https:\/\/www.facebook.com\/JavacolSas\/\" \/>\n<meta property=\"article:published_time\" content=\"2025-11-04T22:26:27+00:00\" \/>\n<meta property=\"article:modified_time\" content=\"2025-11-05T00:24:27+00:00\" \/>\n<meta property=\"og:image\" content=\"https:\/\/javacol.com\/sitio\/wp-content\/uploads\/2025\/11\/Ciberseguridad_jcun2025_andinapack_networking_local_.png\" \/>\n\t<meta property=\"og:image:width\" content=\"1080\" \/>\n\t<meta property=\"og:image:height\" content=\"675\" \/>\n\t<meta property=\"og:image:type\" content=\"image\/png\" \/>\n<meta name=\"author\" content=\"Admin Javacol\" \/>\n<meta name=\"twitter:card\" content=\"summary_large_image\" \/>\n<meta name=\"twitter:label1\" content=\"Escrito por\" \/>\n\t<meta name=\"twitter:data1\" content=\"Admin Javacol\" \/>\n\t<meta name=\"twitter:label2\" content=\"Tiempo de lectura\" \/>\n\t<meta name=\"twitter:data2\" content=\"4 minutos\" \/>\n<script type=\"application\/ld+json\" class=\"yoast-schema-graph\">{\"@context\":\"https:\/\/schema.org\",\"@graph\":[{\"@type\":\"Article\",\"@id\":\"https:\/\/javacol.com\/sitio\/radar-ti-de-javacol-eventos-y-ferias-de-negocios-en-colombia-para-pymes-y-emprendedores\/#article\",\"isPartOf\":{\"@id\":\"https:\/\/javacol.com\/sitio\/radar-ti-de-javacol-eventos-y-ferias-de-negocios-en-colombia-para-pymes-y-emprendedores\/\"},\"author\":{\"name\":\"Admin Javacol\",\"@id\":\"https:\/\/javacol.com\/sitio\/#\/schema\/person\/c726f79b8f751d2f17af082903516281\"},\"headline\":\"Radar TI #6 de Javacol: Eventos y Ferias de Negocios en Colombia para Pymes y Emprendedores\",\"datePublished\":\"2025-11-04T22:26:27+00:00\",\"dateModified\":\"2025-11-05T00:24:27+00:00\",\"mainEntityOfPage\":{\"@id\":\"https:\/\/javacol.com\/sitio\/radar-ti-de-javacol-eventos-y-ferias-de-negocios-en-colombia-para-pymes-y-emprendedores\/\"},\"wordCount\":754,\"commentCount\":0,\"publisher\":{\"@id\":\"https:\/\/javacol.com\/sitio\/#organization\"},\"image\":{\"@id\":\"https:\/\/javacol.com\/sitio\/radar-ti-de-javacol-eventos-y-ferias-de-negocios-en-colombia-para-pymes-y-emprendedores\/#primaryimage\"},\"thumbnailUrl\":\"https:\/\/javacol.com\/sitio\/wp-content\/uploads\/2025\/11\/Ciberseguridad_jcun2025_andinapack_networking_local_.png\",\"keywords\":[\"6ta jornada de ciberseguridad\",\"Andina Pack\",\"atrae m\u00e1s clientes\",\"crecimiento digital\",\"Feria para tu negocio\",\"Gran Sal\u00f3n Ferretero\",\"Inteligencia artificila en la ciberseguridad\",\"JCUN2025\",\"Mejora ventas\",\"oportunidad para pyme\",\"Oportunidades para emprendedores\",\"Radar TI Javacol\"],\"articleSection\":[\"Educaci\u00f3n o Eventos\"],\"inLanguage\":\"es\",\"potentialAction\":[{\"@type\":\"CommentAction\",\"name\":\"Comment\",\"target\":[\"https:\/\/javacol.com\/sitio\/radar-ti-de-javacol-eventos-y-ferias-de-negocios-en-colombia-para-pymes-y-emprendedores\/#respond\"]}]},{\"@type\":\"WebPage\",\"@id\":\"https:\/\/javacol.com\/sitio\/radar-ti-de-javacol-eventos-y-ferias-de-negocios-en-colombia-para-pymes-y-emprendedores\/\",\"url\":\"https:\/\/javacol.com\/sitio\/radar-ti-de-javacol-eventos-y-ferias-de-negocios-en-colombia-para-pymes-y-emprendedores\/\",\"name\":\"Radar TI #6 de Javacol: Eventos y Ferias de Negocios en Colombia para Pymes y Emprendedores - Javacol\",\"isPartOf\":{\"@id\":\"https:\/\/javacol.com\/sitio\/#website\"},\"primaryImageOfPage\":{\"@id\":\"https:\/\/javacol.com\/sitio\/radar-ti-de-javacol-eventos-y-ferias-de-negocios-en-colombia-para-pymes-y-emprendedores\/#primaryimage\"},\"image\":{\"@id\":\"https:\/\/javacol.com\/sitio\/radar-ti-de-javacol-eventos-y-ferias-de-negocios-en-colombia-para-pymes-y-emprendedores\/#primaryimage\"},\"thumbnailUrl\":\"https:\/\/javacol.com\/sitio\/wp-content\/uploads\/2025\/11\/Ciberseguridad_jcun2025_andinapack_networking_local_.png\",\"datePublished\":\"2025-11-04T22:26:27+00:00\",\"dateModified\":\"2025-11-05T00:24:27+00:00\",\"breadcrumb\":{\"@id\":\"https:\/\/javacol.com\/sitio\/radar-ti-de-javacol-eventos-y-ferias-de-negocios-en-colombia-para-pymes-y-emprendedores\/#breadcrumb\"},\"inLanguage\":\"es\",\"potentialAction\":[{\"@type\":\"ReadAction\",\"target\":[\"https:\/\/javacol.com\/sitio\/radar-ti-de-javacol-eventos-y-ferias-de-negocios-en-colombia-para-pymes-y-emprendedores\/\"]}]},{\"@type\":\"ImageObject\",\"inLanguage\":\"es\",\"@id\":\"https:\/\/javacol.com\/sitio\/radar-ti-de-javacol-eventos-y-ferias-de-negocios-en-colombia-para-pymes-y-emprendedores\/#primaryimage\",\"url\":\"https:\/\/javacol.com\/sitio\/wp-content\/uploads\/2025\/11\/Ciberseguridad_jcun2025_andinapack_networking_local_.png\",\"contentUrl\":\"https:\/\/javacol.com\/sitio\/wp-content\/uploads\/2025\/11\/Ciberseguridad_jcun2025_andinapack_networking_local_.png\",\"width\":1080,\"height\":675},{\"@type\":\"BreadcrumbList\",\"@id\":\"https:\/\/javacol.com\/sitio\/radar-ti-de-javacol-eventos-y-ferias-de-negocios-en-colombia-para-pymes-y-emprendedores\/#breadcrumb\",\"itemListElement\":[{\"@type\":\"ListItem\",\"position\":1,\"name\":\"Portada\",\"item\":\"https:\/\/javacol.com\/sitio\/\"},{\"@type\":\"ListItem\",\"position\":2,\"name\":\"Radar TI #6 de Javacol: Eventos y Ferias de Negocios en Colombia para Pymes y Emprendedores\"}]},{\"@type\":\"WebSite\",\"@id\":\"https:\/\/javacol.com\/sitio\/#website\",\"url\":\"https:\/\/javacol.com\/sitio\/\",\"name\":\"Javacol\",\"description\":\"\",\"publisher\":{\"@id\":\"https:\/\/javacol.com\/sitio\/#organization\"},\"potentialAction\":[{\"@type\":\"SearchAction\",\"target\":{\"@type\":\"EntryPoint\",\"urlTemplate\":\"https:\/\/javacol.com\/sitio\/?s={search_term_string}\"},\"query-input\":{\"@type\":\"PropertyValueSpecification\",\"valueRequired\":true,\"valueName\":\"search_term_string\"}}],\"inLanguage\":\"es\"},{\"@type\":\"Organization\",\"@id\":\"https:\/\/javacol.com\/sitio\/#organization\",\"name\":\"Javacol\",\"url\":\"https:\/\/javacol.com\/sitio\/\",\"logo\":{\"@type\":\"ImageObject\",\"inLanguage\":\"es\",\"@id\":\"https:\/\/javacol.com\/sitio\/#\/schema\/logo\/image\/\",\"url\":\"https:\/\/javacol.com\/sitio\/wp-content\/uploads\/2024\/07\/logojavacol.png\",\"contentUrl\":\"https:\/\/javacol.com\/sitio\/wp-content\/uploads\/2024\/07\/logojavacol.png\",\"width\":1100,\"height\":304,\"caption\":\"Javacol\"},\"image\":{\"@id\":\"https:\/\/javacol.com\/sitio\/#\/schema\/logo\/image\/\"},\"sameAs\":[\"https:\/\/www.facebook.com\/JavacolSas\/\",\"https:\/\/www.instagram.com\/javacol_sas\/\"]},{\"@type\":\"Person\",\"@id\":\"https:\/\/javacol.com\/sitio\/#\/schema\/person\/c726f79b8f751d2f17af082903516281\",\"name\":\"Admin Javacol\",\"image\":{\"@type\":\"ImageObject\",\"inLanguage\":\"es\",\"@id\":\"https:\/\/javacol.com\/sitio\/#\/schema\/person\/image\/\",\"url\":\"https:\/\/secure.gravatar.com\/avatar\/3cb75ca9e4eba82219823604ca7a8b179c886f1330408d23339c270232aadf32?s=96&d=mm&r=g\",\"contentUrl\":\"https:\/\/secure.gravatar.com\/avatar\/3cb75ca9e4eba82219823604ca7a8b179c886f1330408d23339c270232aadf32?s=96&d=mm&r=g\",\"caption\":\"Admin Javacol\"},\"sameAs\":[\"https:\/\/javacol.com\/sitio\"],\"url\":\"https:\/\/javacol.com\/sitio\/author\/admin\/\"}]}<\/script>\n<!-- \/ Yoast SEO plugin. -->","yoast_head_json":{"title":"Radar TI #6 de Javacol: Eventos y Ferias de Negocios en Colombia para Pymes y Emprendedores - Javacol","robots":{"index":"index","follow":"follow","max-snippet":"max-snippet:-1","max-image-preview":"max-image-preview:large","max-video-preview":"max-video-preview:-1"},"canonical":"https:\/\/javacol.com\/sitio\/radar-ti-de-javacol-eventos-y-ferias-de-negocios-en-colombia-para-pymes-y-emprendedores\/","og_locale":"es_ES","og_type":"article","og_title":"Radar TI #6 de Javacol: Eventos y Ferias de Negocios en Colombia para Pymes y Emprendedores - Javacol","og_description":"\u00a1Hola, comunidad Javacol! Volvemos con una nueva edici\u00f3n de \u00abEl Radar TI\u00bb, tu curado semanal de noticias y oportunidades clave para impulsar tu proyecto o pyme. Esta semana, el foco est\u00e1 en la acci\u00f3n presencial: hemos rastreado las ferias, jornadas de networking y eventos de ciberseguridad m\u00e1s relevantes que no puedes perderte. Prepara tu agenda, [&hellip;]","og_url":"https:\/\/javacol.com\/sitio\/radar-ti-de-javacol-eventos-y-ferias-de-negocios-en-colombia-para-pymes-y-emprendedores\/","og_site_name":"Javacol","article_publisher":"https:\/\/www.facebook.com\/JavacolSas\/","article_published_time":"2025-11-04T22:26:27+00:00","article_modified_time":"2025-11-05T00:24:27+00:00","og_image":[{"width":1080,"height":675,"url":"https:\/\/javacol.com\/sitio\/wp-content\/uploads\/2025\/11\/Ciberseguridad_jcun2025_andinapack_networking_local_.png","type":"image\/png"}],"author":"Admin Javacol","twitter_card":"summary_large_image","twitter_misc":{"Escrito por":"Admin Javacol","Tiempo de lectura":"4 minutos"},"schema":{"@context":"https:\/\/schema.org","@graph":[{"@type":"Article","@id":"https:\/\/javacol.com\/sitio\/radar-ti-de-javacol-eventos-y-ferias-de-negocios-en-colombia-para-pymes-y-emprendedores\/#article","isPartOf":{"@id":"https:\/\/javacol.com\/sitio\/radar-ti-de-javacol-eventos-y-ferias-de-negocios-en-colombia-para-pymes-y-emprendedores\/"},"author":{"name":"Admin Javacol","@id":"https:\/\/javacol.com\/sitio\/#\/schema\/person\/c726f79b8f751d2f17af082903516281"},"headline":"Radar TI #6 de Javacol: Eventos y Ferias de Negocios en Colombia para Pymes y Emprendedores","datePublished":"2025-11-04T22:26:27+00:00","dateModified":"2025-11-05T00:24:27+00:00","mainEntityOfPage":{"@id":"https:\/\/javacol.com\/sitio\/radar-ti-de-javacol-eventos-y-ferias-de-negocios-en-colombia-para-pymes-y-emprendedores\/"},"wordCount":754,"commentCount":0,"publisher":{"@id":"https:\/\/javacol.com\/sitio\/#organization"},"image":{"@id":"https:\/\/javacol.com\/sitio\/radar-ti-de-javacol-eventos-y-ferias-de-negocios-en-colombia-para-pymes-y-emprendedores\/#primaryimage"},"thumbnailUrl":"https:\/\/javacol.com\/sitio\/wp-content\/uploads\/2025\/11\/Ciberseguridad_jcun2025_andinapack_networking_local_.png","keywords":["6ta jornada de ciberseguridad","Andina Pack","atrae m\u00e1s clientes","crecimiento digital","Feria para tu negocio","Gran Sal\u00f3n Ferretero","Inteligencia artificila en la ciberseguridad","JCUN2025","Mejora ventas","oportunidad para pyme","Oportunidades para emprendedores","Radar TI Javacol"],"articleSection":["Educaci\u00f3n o Eventos"],"inLanguage":"es","potentialAction":[{"@type":"CommentAction","name":"Comment","target":["https:\/\/javacol.com\/sitio\/radar-ti-de-javacol-eventos-y-ferias-de-negocios-en-colombia-para-pymes-y-emprendedores\/#respond"]}]},{"@type":"WebPage","@id":"https:\/\/javacol.com\/sitio\/radar-ti-de-javacol-eventos-y-ferias-de-negocios-en-colombia-para-pymes-y-emprendedores\/","url":"https:\/\/javacol.com\/sitio\/radar-ti-de-javacol-eventos-y-ferias-de-negocios-en-colombia-para-pymes-y-emprendedores\/","name":"Radar TI #6 de Javacol: Eventos y Ferias de Negocios en Colombia para Pymes y Emprendedores - Javacol","isPartOf":{"@id":"https:\/\/javacol.com\/sitio\/#website"},"primaryImageOfPage":{"@id":"https:\/\/javacol.com\/sitio\/radar-ti-de-javacol-eventos-y-ferias-de-negocios-en-colombia-para-pymes-y-emprendedores\/#primaryimage"},"image":{"@id":"https:\/\/javacol.com\/sitio\/radar-ti-de-javacol-eventos-y-ferias-de-negocios-en-colombia-para-pymes-y-emprendedores\/#primaryimage"},"thumbnailUrl":"https:\/\/javacol.com\/sitio\/wp-content\/uploads\/2025\/11\/Ciberseguridad_jcun2025_andinapack_networking_local_.png","datePublished":"2025-11-04T22:26:27+00:00","dateModified":"2025-11-05T00:24:27+00:00","breadcrumb":{"@id":"https:\/\/javacol.com\/sitio\/radar-ti-de-javacol-eventos-y-ferias-de-negocios-en-colombia-para-pymes-y-emprendedores\/#breadcrumb"},"inLanguage":"es","potentialAction":[{"@type":"ReadAction","target":["https:\/\/javacol.com\/sitio\/radar-ti-de-javacol-eventos-y-ferias-de-negocios-en-colombia-para-pymes-y-emprendedores\/"]}]},{"@type":"ImageObject","inLanguage":"es","@id":"https:\/\/javacol.com\/sitio\/radar-ti-de-javacol-eventos-y-ferias-de-negocios-en-colombia-para-pymes-y-emprendedores\/#primaryimage","url":"https:\/\/javacol.com\/sitio\/wp-content\/uploads\/2025\/11\/Ciberseguridad_jcun2025_andinapack_networking_local_.png","contentUrl":"https:\/\/javacol.com\/sitio\/wp-content\/uploads\/2025\/11\/Ciberseguridad_jcun2025_andinapack_networking_local_.png","width":1080,"height":675},{"@type":"BreadcrumbList","@id":"https:\/\/javacol.com\/sitio\/radar-ti-de-javacol-eventos-y-ferias-de-negocios-en-colombia-para-pymes-y-emprendedores\/#breadcrumb","itemListElement":[{"@type":"ListItem","position":1,"name":"Portada","item":"https:\/\/javacol.com\/sitio\/"},{"@type":"ListItem","position":2,"name":"Radar TI #6 de Javacol: Eventos y Ferias de Negocios en Colombia para Pymes y Emprendedores"}]},{"@type":"WebSite","@id":"https:\/\/javacol.com\/sitio\/#website","url":"https:\/\/javacol.com\/sitio\/","name":"Javacol","description":"","publisher":{"@id":"https:\/\/javacol.com\/sitio\/#organization"},"potentialAction":[{"@type":"SearchAction","target":{"@type":"EntryPoint","urlTemplate":"https:\/\/javacol.com\/sitio\/?s={search_term_string}"},"query-input":{"@type":"PropertyValueSpecification","valueRequired":true,"valueName":"search_term_string"}}],"inLanguage":"es"},{"@type":"Organization","@id":"https:\/\/javacol.com\/sitio\/#organization","name":"Javacol","url":"https:\/\/javacol.com\/sitio\/","logo":{"@type":"ImageObject","inLanguage":"es","@id":"https:\/\/javacol.com\/sitio\/#\/schema\/logo\/image\/","url":"https:\/\/javacol.com\/sitio\/wp-content\/uploads\/2024\/07\/logojavacol.png","contentUrl":"https:\/\/javacol.com\/sitio\/wp-content\/uploads\/2024\/07\/logojavacol.png","width":1100,"height":304,"caption":"Javacol"},"image":{"@id":"https:\/\/javacol.com\/sitio\/#\/schema\/logo\/image\/"},"sameAs":["https:\/\/www.facebook.com\/JavacolSas\/","https:\/\/www.instagram.com\/javacol_sas\/"]},{"@type":"Person","@id":"https:\/\/javacol.com\/sitio\/#\/schema\/person\/c726f79b8f751d2f17af082903516281","name":"Admin Javacol","image":{"@type":"ImageObject","inLanguage":"es","@id":"https:\/\/javacol.com\/sitio\/#\/schema\/person\/image\/","url":"https:\/\/secure.gravatar.com\/avatar\/3cb75ca9e4eba82219823604ca7a8b179c886f1330408d23339c270232aadf32?s=96&d=mm&r=g","contentUrl":"https:\/\/secure.gravatar.com\/avatar\/3cb75ca9e4eba82219823604ca7a8b179c886f1330408d23339c270232aadf32?s=96&d=mm&r=g","caption":"Admin Javacol"},"sameAs":["https:\/\/javacol.com\/sitio"],"url":"https:\/\/javacol.com\/sitio\/author\/admin\/"}]}},"_links":{"self":[{"href":"https:\/\/javacol.com\/sitio\/wp-json\/wp\/v2\/posts\/6436","targetHints":{"allow":["GET"]}}],"collection":[{"href":"https:\/\/javacol.com\/sitio\/wp-json\/wp\/v2\/posts"}],"about":[{"href":"https:\/\/javacol.com\/sitio\/wp-json\/wp\/v2\/types\/post"}],"author":[{"embeddable":true,"href":"https:\/\/javacol.com\/sitio\/wp-json\/wp\/v2\/users\/1"}],"replies":[{"embeddable":true,"href":"https:\/\/javacol.com\/sitio\/wp-json\/wp\/v2\/comments?post=6436"}],"version-history":[{"count":2,"href":"https:\/\/javacol.com\/sitio\/wp-json\/wp\/v2\/posts\/6436\/revisions"}],"predecessor-version":[{"id":6443,"href":"https:\/\/javacol.com\/sitio\/wp-json\/wp\/v2\/posts\/6436\/revisions\/6443"}],"wp:featuredmedia":[{"embeddable":true,"href":"https:\/\/javacol.com\/sitio\/wp-json\/wp\/v2\/media\/6442"}],"wp:attachment":[{"href":"https:\/\/javacol.com\/sitio\/wp-json\/wp\/v2\/media?parent=6436"}],"wp:term":[{"taxonomy":"category","embeddable":true,"href":"https:\/\/javacol.com\/sitio\/wp-json\/wp\/v2\/categories?post=6436"},{"taxonomy":"post_tag","embeddable":true,"href":"https:\/\/javacol.com\/sitio\/wp-json\/wp\/v2\/tags?post=6436"}],"curies":[{"name":"wp","href":"https:\/\/api.w.org\/{rel}","templated":true}]}}