{"id":6445,"date":"2025-11-09T22:51:38","date_gmt":"2025-11-10T03:51:38","guid":{"rendered":"https:\/\/javacol.com\/sitio\/?p=6445"},"modified":"2025-11-09T22:51:40","modified_gmt":"2025-11-10T03:51:40","slug":"radar-ti-7-oportunidades-clave-para-pymes-y-freelancers-en-colombia-eventos-de-emprendimiento-2025","status":"publish","type":"post","link":"https:\/\/javacol.com\/sitio\/radar-ti-7-oportunidades-clave-para-pymes-y-freelancers-en-colombia-eventos-de-emprendimiento-2025\/","title":{"rendered":"Radar TI #7: Oportunidades Clave para Pymes y Freelancers en Colombia: Eventos de Emprendimiento 2025"},"content":{"rendered":"\n<p>\u00a1Hola, comunidad Javacol! Como tu aliado en el crecimiento digital, hemos activado nuestro <strong>Radar TI<\/strong> para traerte las oportunidades m\u00e1s valiosas de la semana, especialmente dise\u00f1adas para que tu emprendimiento, pyme o carrera como freelancer crezca. En esta edici\u00f3n #7, hemos curado eventos, foros y programas que no solo te conectar\u00e1n con la \u00e9lite empresarial, sino que te dar\u00e1n las herramientas pr\u00e1cticas para ser m\u00e1s competitivo. \u00bfListo para inyectarle una dosis de estrategia y networking a tu negocio? \u00a1Empecemos!<\/p>\n\n\n\n<h3 class=\"wp-block-heading\">1. Aprende a implementar est\u00e1ndares Invima y cumple la Resoluci\u00f3n 1619<\/h3>\n\n\n\n<p>Conoce los procedimientos e instrumentos establecidos por el Invima para garantizar la calidad en la fabricaci\u00f3n, procesamiento, elaboraci\u00f3n y envasado de alimentos, en el marco de la Resoluci\u00f3n 1619 de 2015 del Ministerio de Salud y Protecci\u00f3n Social.  Ven y aprende de 3 mujeres expertas en el tema y aprende a implementar est\u00e1ndares Invima.<br><br><strong>Fecha<\/strong>: Lunes, 10 de noviembre de 2025. Hora: 9:00 a. m.<br><strong>Con\u00e9ctate sin costo en el siguiente link<\/strong>: <a href=\"https:\/\/www.colombiaproductiva.com\/streaming\">Colombia Productiva &#8211; Colombia Productiva<\/a><\/p>\n\n\n\n<h3 class=\"wp-block-heading\">2. Convi\u00e9rtete en un Speaker de Alto Impacto con Certificaci\u00f3n Latam<\/h3>\n\n\n\n<p>En el ecosistema freelance y pyme, saber comunicar es tan importante como el servicio que ofreces. El programa \u00abSoy Speaker Latam\u00bb aborda una necesidad vital de nuestra audiencia: la habilidad blanda de la oratoria y la capacidad de dictar conferencias o capacitaciones pagadas. La certificaci\u00f3n no solo mejora tus t\u00e9cnicas de presentaci\u00f3n, sino que te posiciona como un experto cre\u00edble en tu campo.<\/p>\n\n\n\n<p><strong>Beneficio Clave:<\/strong> Ideal para freelancers (dise\u00f1adores, especialistas en marketing web) y due\u00f1os de pymes que buscan generar nuevas l\u00edneas de ingreso a trav\u00e9s de la formaci\u00f3n o quieren elevar su autoridad de marca en el mercado colombiano. Pasa de solo hacer a ense\u00f1ar con impacto.<br>Fecha: Noviembre 16 2025<br>Link del evento: <a href=\"https:\/\/soyspeakerlatam.com\/\">Soy Speaker Latam | Certificaci\u00f3n para Speakers<\/a><\/p>\n\n\n\n<h3 class=\"wp-block-heading\">3. Haz Networking de Altura: Gran Foro Econom\u00eda y Negocios Forbes 2025<\/h3>\n\n\n\n<p>El Gran Foro Econom\u00eda y Negocios de Forbes Colombia es uno de los eventos m\u00e1s prestigiosos del pa\u00eds. Asistir (o postularse para asistir) es una jugada estrat\u00e9gica de <em>networking<\/em> que puede cambiar el juego para tu pyme o emprendimiento. Aqu\u00ed se discuten las tendencias econ\u00f3micas que afectar\u00e1n tu negocio en 2025 y tendr\u00e1s contacto con l\u00edderes empresariales, pol\u00edticos y tecnol\u00f3gicos. La postulaci\u00f3n representa una puerta de entrada a discusiones de alto valor y visibilidad.<\/p>\n\n\n\n<ul class=\"wp-block-list\">\n<li><strong>Beneficio Clave:<\/strong> Una oportunidad exclusiva para que los due\u00f1os de pymes y emprendedores visionarios en Colombia obtengan una perspectiva macroecon\u00f3mica crucial y forjen <strong>conexiones de negocio<\/strong> que van m\u00e1s all\u00e1 del d\u00eda a d\u00eda.<\/li>\n<\/ul>\n\n\n\n<p><strong>Fecha:<\/strong> Noviembre 19 2025<\/p>\n\n\n\n<p><strong>Enlace de la Fuente:<\/strong> <a href=\"https:\/\/luma.com\/zgbb51b8\">Post\u00falese para asistir al Gran Foro Econom\u00eda y Negocios Forbes Colombia 2025 \u00b7 Luma<\/a><br><\/p>\n\n\n\n<h3 class=\"wp-block-heading\">4. Sostenibilidad y Tecnolog\u00eda: 1ra Cumbre Orinoquia Verde y Competitiva<\/h3>\n\n\n\n<p><br>La sostenibilidad no es una moda, es una <strong>exigencia del futuro empresarial<\/strong>. Esta primera cumbre enfocada en la Orinoquia destaca la importancia de integrar la tecnolog\u00eda (TI) con la responsabilidad ambiental y la competitividad regional. Para pymes y freelancers, entender este cruce es vital, especialmente si buscan proyectos con enfoque social o financiamiento verde. Este evento ofrece una perspectiva de crecimiento regional con un componente tecnol\u00f3gico fuerte.<\/p>\n\n\n\n<p><strong>Beneficio Clave:<\/strong> Perfecto para emprendedores que buscan diversificar su negocio hacia mercados regionales con potencial o para freelancers que quieren especializarse en el nicho de <strong>tecnolog\u00eda para la sostenibilidad<\/strong> y el desarrollo rural competitivo.<\/p>\n\n\n\n<p><strong>Fecha:<\/strong> Noviembre 19, 20 y 21 de 2025<\/p>\n\n\n\n<p><strong>Link de la fuente:<\/strong> <a href=\"https:\/\/amaro.agency\/eventos-2025\/1ra-cumbre-orinoquia-verde-y-competitiva\/\">1ra Cumbre Orinoquia Verde y Competitiva \u2013 Bienvenidosa<\/a><\/p>\n\n\n\n<p>Asiste gratis, reg\u00edstrate en el siguiente formulario: <a href=\"https:\/\/docs.google.com\/forms\/d\/11YbYGPVkuEp5tOXtk9shLw8815tVoFCFOaI-vq6VReg\/viewform?edit_requested=true\">Acreditaci\u00f3n auditorio: \u00ab1ra Cumbre Orinoquia Verde y Competitiva\u00bb<\/a><\/p>\n\n\n\n<p><\/p>\n\n\n\n<p>\u00a1Listo! Estas cuatro oportunidades son tu boleto de entrada a un 2025 m\u00e1s informado y conectado. Recuerda, en Javacol no solo te damos el mejor <em>hosting<\/em> y dise\u00f1o web para que tu base digital sea s\u00f3lida, sino que tambi\u00e9n te ponemos en \u00abEl Radar TI\u00bb para que tu estrategia de crecimiento sea imparable.<\/p>\n\n\n\n<p><strong>Cu\u00e9ntanos:<\/strong> \u00bfA cu\u00e1l de estos eventos o programas te postular\u00e1s primero? \u00a1D\u00e9janos tu comentario! Nos vemos la pr\u00f3xima semana con m\u00e1s oportunidades.<\/p>\n","protected":false},"excerpt":{"rendered":"<p>\u00a1Hola, comunidad Javacol! Como tu aliado en el crecimiento digital, hemos activado nuestro Radar TI para traerte las oportunidades m\u00e1s valiosas de la semana, especialmente dise\u00f1adas para que tu emprendimiento, pyme o carrera como freelancer crezca. En esta edici\u00f3n #7, hemos curado eventos, foros y programas que no solo te conectar\u00e1n con la \u00e9lite empresarial, [&hellip;]<\/p>\n","protected":false},"author":1,"featured_media":6446,"comment_status":"open","ping_status":"open","sticky":false,"template":"","format":"standard","meta":{"_et_pb_use_builder":"off","_et_pb_old_content":"","_et_gb_content_width":"","footnotes":""},"categories":[21],"tags":[73,52,72,69,48,41,70,71],"class_list":["post-6445","post","type-post","status-publish","format-standard","has-post-thumbnail","hentry","category-educacion-o-eventos","tag-1ra-cumbre-orinoquia-verde","tag-eventos-empresariales","tag-forbes-colombia-2025","tag-implementar-estandares-invima","tag-oportunidad-para-pyme","tag-radar-ti-javacol","tag-resolucion1619","tag-soy-speaker-latam"],"yoast_head":"<!-- This site is optimized with the Yoast SEO plugin v26.9 - https:\/\/yoast.com\/product\/yoast-seo-wordpress\/ -->\n<title>Radar TI #7: Oportunidades Clave para Pymes y Freelancers en Colombia: Eventos de Emprendimiento 2025 - Javacol<\/title>\n<meta name=\"robots\" content=\"index, follow, max-snippet:-1, max-image-preview:large, max-video-preview:-1\" \/>\n<link rel=\"canonical\" href=\"https:\/\/javacol.com\/sitio\/radar-ti-7-oportunidades-clave-para-pymes-y-freelancers-en-colombia-eventos-de-emprendimiento-2025\/\" \/>\n<meta property=\"og:locale\" content=\"es_ES\" \/>\n<meta property=\"og:type\" content=\"article\" \/>\n<meta property=\"og:title\" content=\"Radar TI #7: Oportunidades Clave para Pymes y Freelancers en Colombia: Eventos de Emprendimiento 2025 - Javacol\" \/>\n<meta property=\"og:description\" content=\"\u00a1Hola, comunidad Javacol! Como tu aliado en el crecimiento digital, hemos activado nuestro Radar TI para traerte las oportunidades m\u00e1s valiosas de la semana, especialmente dise\u00f1adas para que tu emprendimiento, pyme o carrera como freelancer crezca. En esta edici\u00f3n #7, hemos curado eventos, foros y programas que no solo te conectar\u00e1n con la \u00e9lite empresarial, [&hellip;]\" \/>\n<meta property=\"og:url\" content=\"https:\/\/javacol.com\/sitio\/radar-ti-7-oportunidades-clave-para-pymes-y-freelancers-en-colombia-eventos-de-emprendimiento-2025\/\" \/>\n<meta property=\"og:site_name\" content=\"Javacol\" \/>\n<meta property=\"article:publisher\" content=\"https:\/\/www.facebook.com\/JavacolSas\/\" \/>\n<meta property=\"article:published_time\" content=\"2025-11-10T03:51:38+00:00\" \/>\n<meta property=\"article:modified_time\" content=\"2025-11-10T03:51:40+00:00\" \/>\n<meta property=\"og:image\" content=\"https:\/\/javacol.com\/sitio\/wp-content\/uploads\/2025\/11\/radarTI7_Forbes2025_SoySpeakerLatam_.png\" \/>\n\t<meta property=\"og:image:width\" content=\"1080\" \/>\n\t<meta property=\"og:image:height\" content=\"675\" \/>\n\t<meta property=\"og:image:type\" content=\"image\/png\" \/>\n<meta name=\"author\" content=\"Admin Javacol\" \/>\n<meta name=\"twitter:card\" content=\"summary_large_image\" \/>\n<meta name=\"twitter:label1\" content=\"Escrito por\" \/>\n\t<meta name=\"twitter:data1\" content=\"Admin Javacol\" \/>\n\t<meta name=\"twitter:label2\" content=\"Tiempo de lectura\" \/>\n\t<meta name=\"twitter:data2\" content=\"4 minutos\" \/>\n<script type=\"application\/ld+json\" class=\"yoast-schema-graph\">{\"@context\":\"https:\/\/schema.org\",\"@graph\":[{\"@type\":\"Article\",\"@id\":\"https:\/\/javacol.com\/sitio\/radar-ti-7-oportunidades-clave-para-pymes-y-freelancers-en-colombia-eventos-de-emprendimiento-2025\/#article\",\"isPartOf\":{\"@id\":\"https:\/\/javacol.com\/sitio\/radar-ti-7-oportunidades-clave-para-pymes-y-freelancers-en-colombia-eventos-de-emprendimiento-2025\/\"},\"author\":{\"name\":\"Admin Javacol\",\"@id\":\"https:\/\/javacol.com\/sitio\/#\/schema\/person\/c726f79b8f751d2f17af082903516281\"},\"headline\":\"Radar TI #7: Oportunidades Clave para Pymes y Freelancers en Colombia: Eventos de Emprendimiento 2025\",\"datePublished\":\"2025-11-10T03:51:38+00:00\",\"dateModified\":\"2025-11-10T03:51:40+00:00\",\"mainEntityOfPage\":{\"@id\":\"https:\/\/javacol.com\/sitio\/radar-ti-7-oportunidades-clave-para-pymes-y-freelancers-en-colombia-eventos-de-emprendimiento-2025\/\"},\"wordCount\":712,\"commentCount\":0,\"publisher\":{\"@id\":\"https:\/\/javacol.com\/sitio\/#organization\"},\"image\":{\"@id\":\"https:\/\/javacol.com\/sitio\/radar-ti-7-oportunidades-clave-para-pymes-y-freelancers-en-colombia-eventos-de-emprendimiento-2025\/#primaryimage\"},\"thumbnailUrl\":\"https:\/\/javacol.com\/sitio\/wp-content\/uploads\/2025\/11\/radarTI7_Forbes2025_SoySpeakerLatam_.png\",\"keywords\":[\"1ra Cumbre Orinoquia verde\",\"eventos empresariales\",\"Forbes Colombia 2025\",\"implementar est\u00e1ndares Invima\",\"oportunidad para pyme\",\"Radar TI Javacol\",\"resoluci\u00f3n1619\",\"Soy Speaker LATAM\"],\"articleSection\":[\"Educaci\u00f3n o Eventos\"],\"inLanguage\":\"es\",\"potentialAction\":[{\"@type\":\"CommentAction\",\"name\":\"Comment\",\"target\":[\"https:\/\/javacol.com\/sitio\/radar-ti-7-oportunidades-clave-para-pymes-y-freelancers-en-colombia-eventos-de-emprendimiento-2025\/#respond\"]}]},{\"@type\":\"WebPage\",\"@id\":\"https:\/\/javacol.com\/sitio\/radar-ti-7-oportunidades-clave-para-pymes-y-freelancers-en-colombia-eventos-de-emprendimiento-2025\/\",\"url\":\"https:\/\/javacol.com\/sitio\/radar-ti-7-oportunidades-clave-para-pymes-y-freelancers-en-colombia-eventos-de-emprendimiento-2025\/\",\"name\":\"Radar TI #7: Oportunidades Clave para Pymes y Freelancers en Colombia: Eventos de Emprendimiento 2025 - Javacol\",\"isPartOf\":{\"@id\":\"https:\/\/javacol.com\/sitio\/#website\"},\"primaryImageOfPage\":{\"@id\":\"https:\/\/javacol.com\/sitio\/radar-ti-7-oportunidades-clave-para-pymes-y-freelancers-en-colombia-eventos-de-emprendimiento-2025\/#primaryimage\"},\"image\":{\"@id\":\"https:\/\/javacol.com\/sitio\/radar-ti-7-oportunidades-clave-para-pymes-y-freelancers-en-colombia-eventos-de-emprendimiento-2025\/#primaryimage\"},\"thumbnailUrl\":\"https:\/\/javacol.com\/sitio\/wp-content\/uploads\/2025\/11\/radarTI7_Forbes2025_SoySpeakerLatam_.png\",\"datePublished\":\"2025-11-10T03:51:38+00:00\",\"dateModified\":\"2025-11-10T03:51:40+00:00\",\"breadcrumb\":{\"@id\":\"https:\/\/javacol.com\/sitio\/radar-ti-7-oportunidades-clave-para-pymes-y-freelancers-en-colombia-eventos-de-emprendimiento-2025\/#breadcrumb\"},\"inLanguage\":\"es\",\"potentialAction\":[{\"@type\":\"ReadAction\",\"target\":[\"https:\/\/javacol.com\/sitio\/radar-ti-7-oportunidades-clave-para-pymes-y-freelancers-en-colombia-eventos-de-emprendimiento-2025\/\"]}]},{\"@type\":\"ImageObject\",\"inLanguage\":\"es\",\"@id\":\"https:\/\/javacol.com\/sitio\/radar-ti-7-oportunidades-clave-para-pymes-y-freelancers-en-colombia-eventos-de-emprendimiento-2025\/#primaryimage\",\"url\":\"https:\/\/javacol.com\/sitio\/wp-content\/uploads\/2025\/11\/radarTI7_Forbes2025_SoySpeakerLatam_.png\",\"contentUrl\":\"https:\/\/javacol.com\/sitio\/wp-content\/uploads\/2025\/11\/radarTI7_Forbes2025_SoySpeakerLatam_.png\",\"width\":1080,\"height\":675,\"caption\":\"Descubre en el Radar TI de Javacol los eventos clave y oportunidades de crecimiento para tu negocio digital en Colombia.\"},{\"@type\":\"BreadcrumbList\",\"@id\":\"https:\/\/javacol.com\/sitio\/radar-ti-7-oportunidades-clave-para-pymes-y-freelancers-en-colombia-eventos-de-emprendimiento-2025\/#breadcrumb\",\"itemListElement\":[{\"@type\":\"ListItem\",\"position\":1,\"name\":\"Portada\",\"item\":\"https:\/\/javacol.com\/sitio\/\"},{\"@type\":\"ListItem\",\"position\":2,\"name\":\"Radar TI #7: Oportunidades Clave para Pymes y Freelancers en Colombia: Eventos de Emprendimiento 2025\"}]},{\"@type\":\"WebSite\",\"@id\":\"https:\/\/javacol.com\/sitio\/#website\",\"url\":\"https:\/\/javacol.com\/sitio\/\",\"name\":\"Javacol\",\"description\":\"\",\"publisher\":{\"@id\":\"https:\/\/javacol.com\/sitio\/#organization\"},\"potentialAction\":[{\"@type\":\"SearchAction\",\"target\":{\"@type\":\"EntryPoint\",\"urlTemplate\":\"https:\/\/javacol.com\/sitio\/?s={search_term_string}\"},\"query-input\":{\"@type\":\"PropertyValueSpecification\",\"valueRequired\":true,\"valueName\":\"search_term_string\"}}],\"inLanguage\":\"es\"},{\"@type\":\"Organization\",\"@id\":\"https:\/\/javacol.com\/sitio\/#organization\",\"name\":\"Javacol\",\"url\":\"https:\/\/javacol.com\/sitio\/\",\"logo\":{\"@type\":\"ImageObject\",\"inLanguage\":\"es\",\"@id\":\"https:\/\/javacol.com\/sitio\/#\/schema\/logo\/image\/\",\"url\":\"https:\/\/javacol.com\/sitio\/wp-content\/uploads\/2024\/07\/logojavacol.png\",\"contentUrl\":\"https:\/\/javacol.com\/sitio\/wp-content\/uploads\/2024\/07\/logojavacol.png\",\"width\":1100,\"height\":304,\"caption\":\"Javacol\"},\"image\":{\"@id\":\"https:\/\/javacol.com\/sitio\/#\/schema\/logo\/image\/\"},\"sameAs\":[\"https:\/\/www.facebook.com\/JavacolSas\/\",\"https:\/\/www.instagram.com\/javacol_sas\/\"]},{\"@type\":\"Person\",\"@id\":\"https:\/\/javacol.com\/sitio\/#\/schema\/person\/c726f79b8f751d2f17af082903516281\",\"name\":\"Admin Javacol\",\"image\":{\"@type\":\"ImageObject\",\"inLanguage\":\"es\",\"@id\":\"https:\/\/javacol.com\/sitio\/#\/schema\/person\/image\/\",\"url\":\"https:\/\/secure.gravatar.com\/avatar\/3cb75ca9e4eba82219823604ca7a8b179c886f1330408d23339c270232aadf32?s=96&d=mm&r=g\",\"contentUrl\":\"https:\/\/secure.gravatar.com\/avatar\/3cb75ca9e4eba82219823604ca7a8b179c886f1330408d23339c270232aadf32?s=96&d=mm&r=g\",\"caption\":\"Admin Javacol\"},\"sameAs\":[\"https:\/\/javacol.com\/sitio\"],\"url\":\"https:\/\/javacol.com\/sitio\/author\/admin\/\"}]}<\/script>\n<!-- \/ Yoast SEO plugin. -->","yoast_head_json":{"title":"Radar TI #7: Oportunidades Clave para Pymes y Freelancers en Colombia: Eventos de Emprendimiento 2025 - Javacol","robots":{"index":"index","follow":"follow","max-snippet":"max-snippet:-1","max-image-preview":"max-image-preview:large","max-video-preview":"max-video-preview:-1"},"canonical":"https:\/\/javacol.com\/sitio\/radar-ti-7-oportunidades-clave-para-pymes-y-freelancers-en-colombia-eventos-de-emprendimiento-2025\/","og_locale":"es_ES","og_type":"article","og_title":"Radar TI #7: Oportunidades Clave para Pymes y Freelancers en Colombia: Eventos de Emprendimiento 2025 - Javacol","og_description":"\u00a1Hola, comunidad Javacol! Como tu aliado en el crecimiento digital, hemos activado nuestro Radar TI para traerte las oportunidades m\u00e1s valiosas de la semana, especialmente dise\u00f1adas para que tu emprendimiento, pyme o carrera como freelancer crezca. En esta edici\u00f3n #7, hemos curado eventos, foros y programas que no solo te conectar\u00e1n con la \u00e9lite empresarial, [&hellip;]","og_url":"https:\/\/javacol.com\/sitio\/radar-ti-7-oportunidades-clave-para-pymes-y-freelancers-en-colombia-eventos-de-emprendimiento-2025\/","og_site_name":"Javacol","article_publisher":"https:\/\/www.facebook.com\/JavacolSas\/","article_published_time":"2025-11-10T03:51:38+00:00","article_modified_time":"2025-11-10T03:51:40+00:00","og_image":[{"width":1080,"height":675,"url":"https:\/\/javacol.com\/sitio\/wp-content\/uploads\/2025\/11\/radarTI7_Forbes2025_SoySpeakerLatam_.png","type":"image\/png"}],"author":"Admin Javacol","twitter_card":"summary_large_image","twitter_misc":{"Escrito por":"Admin Javacol","Tiempo de lectura":"4 minutos"},"schema":{"@context":"https:\/\/schema.org","@graph":[{"@type":"Article","@id":"https:\/\/javacol.com\/sitio\/radar-ti-7-oportunidades-clave-para-pymes-y-freelancers-en-colombia-eventos-de-emprendimiento-2025\/#article","isPartOf":{"@id":"https:\/\/javacol.com\/sitio\/radar-ti-7-oportunidades-clave-para-pymes-y-freelancers-en-colombia-eventos-de-emprendimiento-2025\/"},"author":{"name":"Admin Javacol","@id":"https:\/\/javacol.com\/sitio\/#\/schema\/person\/c726f79b8f751d2f17af082903516281"},"headline":"Radar TI #7: Oportunidades Clave para Pymes y Freelancers en Colombia: Eventos de Emprendimiento 2025","datePublished":"2025-11-10T03:51:38+00:00","dateModified":"2025-11-10T03:51:40+00:00","mainEntityOfPage":{"@id":"https:\/\/javacol.com\/sitio\/radar-ti-7-oportunidades-clave-para-pymes-y-freelancers-en-colombia-eventos-de-emprendimiento-2025\/"},"wordCount":712,"commentCount":0,"publisher":{"@id":"https:\/\/javacol.com\/sitio\/#organization"},"image":{"@id":"https:\/\/javacol.com\/sitio\/radar-ti-7-oportunidades-clave-para-pymes-y-freelancers-en-colombia-eventos-de-emprendimiento-2025\/#primaryimage"},"thumbnailUrl":"https:\/\/javacol.com\/sitio\/wp-content\/uploads\/2025\/11\/radarTI7_Forbes2025_SoySpeakerLatam_.png","keywords":["1ra Cumbre Orinoquia verde","eventos empresariales","Forbes Colombia 2025","implementar est\u00e1ndares Invima","oportunidad para pyme","Radar TI Javacol","resoluci\u00f3n1619","Soy Speaker LATAM"],"articleSection":["Educaci\u00f3n o Eventos"],"inLanguage":"es","potentialAction":[{"@type":"CommentAction","name":"Comment","target":["https:\/\/javacol.com\/sitio\/radar-ti-7-oportunidades-clave-para-pymes-y-freelancers-en-colombia-eventos-de-emprendimiento-2025\/#respond"]}]},{"@type":"WebPage","@id":"https:\/\/javacol.com\/sitio\/radar-ti-7-oportunidades-clave-para-pymes-y-freelancers-en-colombia-eventos-de-emprendimiento-2025\/","url":"https:\/\/javacol.com\/sitio\/radar-ti-7-oportunidades-clave-para-pymes-y-freelancers-en-colombia-eventos-de-emprendimiento-2025\/","name":"Radar TI #7: Oportunidades Clave para Pymes y Freelancers en Colombia: Eventos de Emprendimiento 2025 - Javacol","isPartOf":{"@id":"https:\/\/javacol.com\/sitio\/#website"},"primaryImageOfPage":{"@id":"https:\/\/javacol.com\/sitio\/radar-ti-7-oportunidades-clave-para-pymes-y-freelancers-en-colombia-eventos-de-emprendimiento-2025\/#primaryimage"},"image":{"@id":"https:\/\/javacol.com\/sitio\/radar-ti-7-oportunidades-clave-para-pymes-y-freelancers-en-colombia-eventos-de-emprendimiento-2025\/#primaryimage"},"thumbnailUrl":"https:\/\/javacol.com\/sitio\/wp-content\/uploads\/2025\/11\/radarTI7_Forbes2025_SoySpeakerLatam_.png","datePublished":"2025-11-10T03:51:38+00:00","dateModified":"2025-11-10T03:51:40+00:00","breadcrumb":{"@id":"https:\/\/javacol.com\/sitio\/radar-ti-7-oportunidades-clave-para-pymes-y-freelancers-en-colombia-eventos-de-emprendimiento-2025\/#breadcrumb"},"inLanguage":"es","potentialAction":[{"@type":"ReadAction","target":["https:\/\/javacol.com\/sitio\/radar-ti-7-oportunidades-clave-para-pymes-y-freelancers-en-colombia-eventos-de-emprendimiento-2025\/"]}]},{"@type":"ImageObject","inLanguage":"es","@id":"https:\/\/javacol.com\/sitio\/radar-ti-7-oportunidades-clave-para-pymes-y-freelancers-en-colombia-eventos-de-emprendimiento-2025\/#primaryimage","url":"https:\/\/javacol.com\/sitio\/wp-content\/uploads\/2025\/11\/radarTI7_Forbes2025_SoySpeakerLatam_.png","contentUrl":"https:\/\/javacol.com\/sitio\/wp-content\/uploads\/2025\/11\/radarTI7_Forbes2025_SoySpeakerLatam_.png","width":1080,"height":675,"caption":"Descubre en el Radar TI de Javacol los eventos clave y oportunidades de crecimiento para tu negocio digital en Colombia."},{"@type":"BreadcrumbList","@id":"https:\/\/javacol.com\/sitio\/radar-ti-7-oportunidades-clave-para-pymes-y-freelancers-en-colombia-eventos-de-emprendimiento-2025\/#breadcrumb","itemListElement":[{"@type":"ListItem","position":1,"name":"Portada","item":"https:\/\/javacol.com\/sitio\/"},{"@type":"ListItem","position":2,"name":"Radar TI #7: Oportunidades Clave para Pymes y Freelancers en Colombia: Eventos de Emprendimiento 2025"}]},{"@type":"WebSite","@id":"https:\/\/javacol.com\/sitio\/#website","url":"https:\/\/javacol.com\/sitio\/","name":"Javacol","description":"","publisher":{"@id":"https:\/\/javacol.com\/sitio\/#organization"},"potentialAction":[{"@type":"SearchAction","target":{"@type":"EntryPoint","urlTemplate":"https:\/\/javacol.com\/sitio\/?s={search_term_string}"},"query-input":{"@type":"PropertyValueSpecification","valueRequired":true,"valueName":"search_term_string"}}],"inLanguage":"es"},{"@type":"Organization","@id":"https:\/\/javacol.com\/sitio\/#organization","name":"Javacol","url":"https:\/\/javacol.com\/sitio\/","logo":{"@type":"ImageObject","inLanguage":"es","@id":"https:\/\/javacol.com\/sitio\/#\/schema\/logo\/image\/","url":"https:\/\/javacol.com\/sitio\/wp-content\/uploads\/2024\/07\/logojavacol.png","contentUrl":"https:\/\/javacol.com\/sitio\/wp-content\/uploads\/2024\/07\/logojavacol.png","width":1100,"height":304,"caption":"Javacol"},"image":{"@id":"https:\/\/javacol.com\/sitio\/#\/schema\/logo\/image\/"},"sameAs":["https:\/\/www.facebook.com\/JavacolSas\/","https:\/\/www.instagram.com\/javacol_sas\/"]},{"@type":"Person","@id":"https:\/\/javacol.com\/sitio\/#\/schema\/person\/c726f79b8f751d2f17af082903516281","name":"Admin Javacol","image":{"@type":"ImageObject","inLanguage":"es","@id":"https:\/\/javacol.com\/sitio\/#\/schema\/person\/image\/","url":"https:\/\/secure.gravatar.com\/avatar\/3cb75ca9e4eba82219823604ca7a8b179c886f1330408d23339c270232aadf32?s=96&d=mm&r=g","contentUrl":"https:\/\/secure.gravatar.com\/avatar\/3cb75ca9e4eba82219823604ca7a8b179c886f1330408d23339c270232aadf32?s=96&d=mm&r=g","caption":"Admin Javacol"},"sameAs":["https:\/\/javacol.com\/sitio"],"url":"https:\/\/javacol.com\/sitio\/author\/admin\/"}]}},"_links":{"self":[{"href":"https:\/\/javacol.com\/sitio\/wp-json\/wp\/v2\/posts\/6445","targetHints":{"allow":["GET"]}}],"collection":[{"href":"https:\/\/javacol.com\/sitio\/wp-json\/wp\/v2\/posts"}],"about":[{"href":"https:\/\/javacol.com\/sitio\/wp-json\/wp\/v2\/types\/post"}],"author":[{"embeddable":true,"href":"https:\/\/javacol.com\/sitio\/wp-json\/wp\/v2\/users\/1"}],"replies":[{"embeddable":true,"href":"https:\/\/javacol.com\/sitio\/wp-json\/wp\/v2\/comments?post=6445"}],"version-history":[{"count":2,"href":"https:\/\/javacol.com\/sitio\/wp-json\/wp\/v2\/posts\/6445\/revisions"}],"predecessor-version":[{"id":6448,"href":"https:\/\/javacol.com\/sitio\/wp-json\/wp\/v2\/posts\/6445\/revisions\/6448"}],"wp:featuredmedia":[{"embeddable":true,"href":"https:\/\/javacol.com\/sitio\/wp-json\/wp\/v2\/media\/6446"}],"wp:attachment":[{"href":"https:\/\/javacol.com\/sitio\/wp-json\/wp\/v2\/media?parent=6445"}],"wp:term":[{"taxonomy":"category","embeddable":true,"href":"https:\/\/javacol.com\/sitio\/wp-json\/wp\/v2\/categories?post=6445"},{"taxonomy":"post_tag","embeddable":true,"href":"https:\/\/javacol.com\/sitio\/wp-json\/wp\/v2\/tags?post=6445"}],"curies":[{"name":"wp","href":"https:\/\/api.w.org\/{rel}","templated":true}]}}