{"id":6460,"date":"2025-11-24T20:53:35","date_gmt":"2025-11-25T01:53:35","guid":{"rendered":"https:\/\/javacol.com\/sitio\/?p=6460"},"modified":"2025-11-24T20:53:38","modified_gmt":"2025-11-25T01:53:38","slug":"radar-ti-8-javacol-guia-dian-2025-networking-y-capacitacion-clave-en-social-media-para-pymes-en-colombia","status":"publish","type":"post","link":"https:\/\/javacol.com\/sitio\/radar-ti-8-javacol-guia-dian-2025-networking-y-capacitacion-clave-en-social-media-para-pymes-en-colombia\/","title":{"rendered":"Radar TI #8 Javacol: Gu\u00eda DIAN 2025, Networking y Capacitaci\u00f3n Clave en Social Media para Pymes en Colombia"},"content":{"rendered":"\n<p>\u00a1Bienvenidos a una edici\u00f3n crucial de <a href=\"https:\/\/javacol.com\/sitio\/radar-ti-eventos-digitales-networking-colombia\/\"><strong>El Radar TI de Javacol<\/strong>!<\/a> Como su aliado estrat\u00e9gico en <a href=\"https:\/\/javacol.com\/sitio\/promo\/\">Hosting, Dominios<\/a> y Dise\u00f1o Web, sabemos que el \u00e9xito de su negocio se basa tanto en una excelente presencia digital como en un <strong>s\u00f3lido cumplimiento legal y fiscal<\/strong>. Esta semana, el Radar TI le trae un balance perfecto: oportunidades de <strong>networking de alto nivel<\/strong> y una <strong>capacitaci\u00f3n imperdible<\/strong> sobre la nueva <strong>Resoluci\u00f3n \u00danica de la DIAN para 2025<\/strong>. Si es emprendedor, <em>freelancer<\/em> o tiene una pyme, no puede permitirse ignorar estos cambios. \u00a1Prep\u00e1rese para crecer con seguridad y estrategia!<\/p>\n\n\n\n<p><\/p>\n\n\n\n<h3 class=\"wp-block-heading\">1.Women Business Connect (WBC): La Red de Contactos que Impulsar\u00e1 tu Negocio<\/h3>\n\n\n\n<p><strong>Resumen de Valor:<\/strong> El evento Women Business Connect (WBC)  no es un encuentro m\u00e1s, es un catalizador dise\u00f1ado para <strong>mujeres emprendedoras<\/strong> y l\u00edderes de pymes que buscan algo m\u00e1s que inspiraci\u00f3n: buscan <strong>conexiones de valor y oportunidades de negocio reales<\/strong>. Su enfoque est\u00e1 en el <em>networking<\/em> estrat\u00e9gico y la creaci\u00f3n de alianzas que trascienden el evento. Para nuestras <strong>freelancers<\/strong> y <strong>due\u00f1as de pyme<\/strong>, es la plataforma perfecta para encontrar colaboradoras, mentoras o, lo m\u00e1s importante, \u00a1nuevas clientas! Invertir en este tipo de <em>networking<\/em> es invertir en el crecimiento exponencial de tu marca en el ecosistema colombiano.<\/p>\n\n\n\n<p><strong>Lugar<\/strong>: Bogot\u00e1<br>Evento pago<\/p>\n\n\n\n<p><strong>Fecha:<\/strong> Jueves 27 de Noviembre<\/p>\n\n\n\n<p><strong>Reg\u00edstrate ya:<\/strong> <a href=\"https:\/\/luma.com\/9tlfitk9\">Women Business Connect (WBC)<\/a><\/p>\n\n\n\n<p><\/p>\n\n\n\n<h3 class=\"wp-block-heading\">2. Gu\u00eda Pr\u00e1ctica de la DIAN 2025: Evite Sanciones con la Nueva Resoluci\u00f3n \u00danica<\/h3>\n\n\n\n<p><strong>Resumen de Valor:<\/strong> Este evento virtual, organizado por CORPCOMERCIO, es de <strong>urgencia m\u00e1xima<\/strong> para todos nuestros <strong>emprendedores, <em>freelancers<\/em> y pymes en Colombia<\/strong>. La <strong>Resoluci\u00f3n \u00danica DIAN 2025<\/strong> implica cambios profundos en todo el panorama tributario: desde la actualizaci\u00f3n del <strong>RUT<\/strong> y la <strong>Declaraci\u00f3n de Impuestos<\/strong> hasta el manejo de la <strong>Facturaci\u00f3n Electr\u00f3nica<\/strong> y los riesgos de sanciones. El principal valor aqu\u00ed es la <strong>mitigaci\u00f3n de riesgos<\/strong>: una inversi\u00f3n de 5 horas que puede ahorrarle a su negocio miles en multas y dolores de cabeza fiscales. Es crucial para que las pymes aseguren el cumplimiento, y para que los <em>freelancers<\/em> (especialmente aquellos que facturan) entiendan sus nuevas obligaciones y responsabilidades fiscales.<\/p>\n\n\n\n<p><strong>Lugar:<\/strong> Bogot\u00e1<br>Evento pago<\/p>\n\n\n\n<p><strong>Fecha:<\/strong> Mi\u00e9rcoles 26 de Noviembre<\/p>\n\n\n\n<p><strong>M\u00e1s informaci\u00f3n<\/strong>: <a href=\"https:\/\/frontend.masivapp.com\/email\/preview\/?customerId=MTc3ODc%3D&amp;deliveryId=NjhmYTYwNjEwYzFlMzMyNjkzYWFiOThj&amp;emailId=NjhmYTYyNWEzMTYyYzdlNjZiYTBjZGIx&amp;sourceId=d2Vi\">Masivapp<\/a><\/p>\n\n\n\n<p><\/p>\n\n\n\n<h3 class=\"wp-block-heading\">3. KMM Social Media: Entradas y Cursos para Dominar la Gesti\u00f3n de Redes Sociales<\/h3>\n\n\n\n<p><strong>Resumen de Valor:<\/strong> <strong>KMM Social Media<\/strong> ofrece diversas entradas y cursos que abordan el din\u00e1mico mundo de la gesti\u00f3n de redes sociales. La <strong>psicolog\u00eda del consumidor<\/strong> nos indica que nuestras pymes y freelancers necesitan <strong>soluciones r\u00e1pidas y certificables<\/strong>. Estos eventos o cursos, suelen ser <strong>cortos e intensivos<\/strong>, enfocados en la aplicaci\u00f3n inmediata de estrategias. Para los <strong>freelancers de marketing web<\/strong> y los <strong>emprendedores<\/strong> que manejan sus propias cuentas, esto significa actualizarse en las \u00faltimas tendencias de algoritmos, <em>copywriting<\/em> persuasivo y creaci\u00f3n de contenido que realmente convierta. Es la manera m\u00e1s eficiente de asegurar que el tiempo invertido en redes sociales se traduzca en tr\u00e1fico y ventas para sus proyectos o los de sus clientes.<\/p>\n\n\n\n<p><strong>Lugar<\/strong>: Medellin<\/p>\n\n\n\n<p><strong>Evento gratuito<\/strong><br><strong>Multiples fechas<\/strong><br>Conocer m\u00e1s sobre el evento <strong><a href=\"https:\/\/www.eventbrite.co\/e\/entradas-kmm-social-media-1086149535499?aff=ebdssbdestsearch&amp;keep_tld=1\">Aqu\u00ed<\/a><\/strong><\/p>\n\n\n\n<p>Esperamos que este balance entre <strong>cumplimiento legal<\/strong> y <strong>oportunidades de crecimiento<\/strong> sea el motor que impulse tu negocio esta semana. En <strong>Javacol<\/strong>, te brindamos la base digital <em>(Hosting y Dise\u00f1o Web)<\/em> y te alertamos sobre los cambios cr\u00edticos en el entorno empresarial colombiano. <strong>Cu\u00e9ntanos en los comentarios<\/strong>: \u00bfQu\u00e9 cambio de la DIAN te preocupa m\u00e1s? Nos vemos la pr\u00f3xima semana en tu <strong>Radar TI<\/strong>.<br><br><br><\/p>\n","protected":false},"excerpt":{"rendered":"<p>\u00a1Bienvenidos a una edici\u00f3n crucial de El Radar TI de Javacol! Como su aliado estrat\u00e9gico en Hosting, Dominios y Dise\u00f1o Web, sabemos que el \u00e9xito de su negocio se basa tanto en una excelente presencia digital como en un s\u00f3lido cumplimiento legal y fiscal. Esta semana, el Radar TI le trae un balance perfecto: oportunidades [&hellip;]<\/p>\n","protected":false},"author":1,"featured_media":6461,"comment_status":"open","ping_status":"open","sticky":false,"template":"","format":"standard","meta":{"_et_pb_use_builder":"off","_et_pb_old_content":"","_et_gb_content_width":"","footnotes":""},"categories":[21],"tags":[78,52,79,74,58,42,41,75,76,77],"class_list":["post-6460","post","type-post","status-publish","format-standard","has-post-thumbnail","hentry","category-educacion-o-eventos","tag-cursos-gratis-kmm-social-media","tag-eventos-empresariales","tag-gestion-de-redes-sociales","tag-guia-dian-2025","tag-networking-bogota","tag-oportunidades-para-emprendedores","tag-radar-ti-javacol","tag-social-media-para-pymes","tag-wbc","tag-women-business-connect"],"yoast_head":"<!-- This site is optimized with the Yoast SEO plugin v26.9 - https:\/\/yoast.com\/product\/yoast-seo-wordpress\/ -->\n<title>Radar TI #8 Javacol: Gu\u00eda DIAN 2025, Networking y Capacitaci\u00f3n Clave en Social Media para Pymes en Colombia - Javacol<\/title>\n<meta name=\"robots\" content=\"index, follow, max-snippet:-1, max-image-preview:large, max-video-preview:-1\" \/>\n<link rel=\"canonical\" href=\"https:\/\/javacol.com\/sitio\/radar-ti-8-javacol-guia-dian-2025-networking-y-capacitacion-clave-en-social-media-para-pymes-en-colombia\/\" \/>\n<meta property=\"og:locale\" content=\"es_ES\" \/>\n<meta property=\"og:type\" content=\"article\" \/>\n<meta property=\"og:title\" content=\"Radar TI #8 Javacol: Gu\u00eda DIAN 2025, Networking y Capacitaci\u00f3n Clave en Social Media para Pymes en Colombia - Javacol\" \/>\n<meta property=\"og:description\" content=\"\u00a1Bienvenidos a una edici\u00f3n crucial de El Radar TI de Javacol! Como su aliado estrat\u00e9gico en Hosting, Dominios y Dise\u00f1o Web, sabemos que el \u00e9xito de su negocio se basa tanto en una excelente presencia digital como en un s\u00f3lido cumplimiento legal y fiscal. Esta semana, el Radar TI le trae un balance perfecto: oportunidades [&hellip;]\" \/>\n<meta property=\"og:url\" content=\"https:\/\/javacol.com\/sitio\/radar-ti-8-javacol-guia-dian-2025-networking-y-capacitacion-clave-en-social-media-para-pymes-en-colombia\/\" \/>\n<meta property=\"og:site_name\" content=\"Javacol\" \/>\n<meta property=\"article:publisher\" content=\"https:\/\/www.facebook.com\/JavacolSas\/\" \/>\n<meta property=\"article:published_time\" content=\"2025-11-25T01:53:35+00:00\" \/>\n<meta property=\"article:modified_time\" content=\"2025-11-25T01:53:38+00:00\" \/>\n<meta property=\"og:image\" content=\"https:\/\/javacol.com\/sitio\/wp-content\/uploads\/2025\/11\/evento_DIAN_Networking_Colombia_Contenido_redes_sociales_gratuito.png\" \/>\n\t<meta property=\"og:image:width\" content=\"980\" \/>\n\t<meta property=\"og:image:height\" content=\"653\" \/>\n\t<meta property=\"og:image:type\" content=\"image\/png\" \/>\n<meta name=\"author\" content=\"Admin Javacol\" \/>\n<meta name=\"twitter:card\" content=\"summary_large_image\" \/>\n<meta name=\"twitter:label1\" content=\"Escrito por\" \/>\n\t<meta name=\"twitter:data1\" content=\"Admin Javacol\" \/>\n\t<meta name=\"twitter:label2\" content=\"Tiempo de lectura\" \/>\n\t<meta name=\"twitter:data2\" content=\"3 minutos\" \/>\n<script type=\"application\/ld+json\" class=\"yoast-schema-graph\">{\"@context\":\"https:\/\/schema.org\",\"@graph\":[{\"@type\":\"Article\",\"@id\":\"https:\/\/javacol.com\/sitio\/radar-ti-8-javacol-guia-dian-2025-networking-y-capacitacion-clave-en-social-media-para-pymes-en-colombia\/#article\",\"isPartOf\":{\"@id\":\"https:\/\/javacol.com\/sitio\/radar-ti-8-javacol-guia-dian-2025-networking-y-capacitacion-clave-en-social-media-para-pymes-en-colombia\/\"},\"author\":{\"name\":\"Admin Javacol\",\"@id\":\"https:\/\/javacol.com\/sitio\/#\/schema\/person\/c726f79b8f751d2f17af082903516281\"},\"headline\":\"Radar TI #8 Javacol: Gu\u00eda DIAN 2025, Networking y Capacitaci\u00f3n Clave en Social Media para Pymes en Colombia\",\"datePublished\":\"2025-11-25T01:53:35+00:00\",\"dateModified\":\"2025-11-25T01:53:38+00:00\",\"mainEntityOfPage\":{\"@id\":\"https:\/\/javacol.com\/sitio\/radar-ti-8-javacol-guia-dian-2025-networking-y-capacitacion-clave-en-social-media-para-pymes-en-colombia\/\"},\"wordCount\":614,\"commentCount\":0,\"publisher\":{\"@id\":\"https:\/\/javacol.com\/sitio\/#organization\"},\"image\":{\"@id\":\"https:\/\/javacol.com\/sitio\/radar-ti-8-javacol-guia-dian-2025-networking-y-capacitacion-clave-en-social-media-para-pymes-en-colombia\/#primaryimage\"},\"thumbnailUrl\":\"https:\/\/javacol.com\/sitio\/wp-content\/uploads\/2025\/11\/evento_DIAN_Networking_Colombia_Contenido_redes_sociales_gratuito.png\",\"keywords\":[\"Cursos gratis KMM Social media\",\"eventos empresariales\",\"gesti\u00f3n de redes sociales\",\"Gu\u00eda DIAN 2025\",\"Networking Bogot\u00e1\",\"Oportunidades para emprendedores\",\"Radar TI Javacol\",\"Social Media para Pymes\",\"WBC\",\"Women Business Connect\"],\"articleSection\":[\"Educaci\u00f3n o Eventos\"],\"inLanguage\":\"es\",\"potentialAction\":[{\"@type\":\"CommentAction\",\"name\":\"Comment\",\"target\":[\"https:\/\/javacol.com\/sitio\/radar-ti-8-javacol-guia-dian-2025-networking-y-capacitacion-clave-en-social-media-para-pymes-en-colombia\/#respond\"]}]},{\"@type\":\"WebPage\",\"@id\":\"https:\/\/javacol.com\/sitio\/radar-ti-8-javacol-guia-dian-2025-networking-y-capacitacion-clave-en-social-media-para-pymes-en-colombia\/\",\"url\":\"https:\/\/javacol.com\/sitio\/radar-ti-8-javacol-guia-dian-2025-networking-y-capacitacion-clave-en-social-media-para-pymes-en-colombia\/\",\"name\":\"Radar TI #8 Javacol: Gu\u00eda DIAN 2025, Networking y Capacitaci\u00f3n Clave en Social Media para Pymes en Colombia - Javacol\",\"isPartOf\":{\"@id\":\"https:\/\/javacol.com\/sitio\/#website\"},\"primaryImageOfPage\":{\"@id\":\"https:\/\/javacol.com\/sitio\/radar-ti-8-javacol-guia-dian-2025-networking-y-capacitacion-clave-en-social-media-para-pymes-en-colombia\/#primaryimage\"},\"image\":{\"@id\":\"https:\/\/javacol.com\/sitio\/radar-ti-8-javacol-guia-dian-2025-networking-y-capacitacion-clave-en-social-media-para-pymes-en-colombia\/#primaryimage\"},\"thumbnailUrl\":\"https:\/\/javacol.com\/sitio\/wp-content\/uploads\/2025\/11\/evento_DIAN_Networking_Colombia_Contenido_redes_sociales_gratuito.png\",\"datePublished\":\"2025-11-25T01:53:35+00:00\",\"dateModified\":\"2025-11-25T01:53:38+00:00\",\"breadcrumb\":{\"@id\":\"https:\/\/javacol.com\/sitio\/radar-ti-8-javacol-guia-dian-2025-networking-y-capacitacion-clave-en-social-media-para-pymes-en-colombia\/#breadcrumb\"},\"inLanguage\":\"es\",\"potentialAction\":[{\"@type\":\"ReadAction\",\"target\":[\"https:\/\/javacol.com\/sitio\/radar-ti-8-javacol-guia-dian-2025-networking-y-capacitacion-clave-en-social-media-para-pymes-en-colombia\/\"]}]},{\"@type\":\"ImageObject\",\"inLanguage\":\"es\",\"@id\":\"https:\/\/javacol.com\/sitio\/radar-ti-8-javacol-guia-dian-2025-networking-y-capacitacion-clave-en-social-media-para-pymes-en-colombia\/#primaryimage\",\"url\":\"https:\/\/javacol.com\/sitio\/wp-content\/uploads\/2025\/11\/evento_DIAN_Networking_Colombia_Contenido_redes_sociales_gratuito.png\",\"contentUrl\":\"https:\/\/javacol.com\/sitio\/wp-content\/uploads\/2025\/11\/evento_DIAN_Networking_Colombia_Contenido_redes_sociales_gratuito.png\",\"width\":980,\"height\":653,\"caption\":\"Protege tu pyme de la DIAN y haz crecer tu red de contactos. \u00a1La informaci\u00f3n que necesitas est\u00e1 aqu\u00ed!\"},{\"@type\":\"BreadcrumbList\",\"@id\":\"https:\/\/javacol.com\/sitio\/radar-ti-8-javacol-guia-dian-2025-networking-y-capacitacion-clave-en-social-media-para-pymes-en-colombia\/#breadcrumb\",\"itemListElement\":[{\"@type\":\"ListItem\",\"position\":1,\"name\":\"Portada\",\"item\":\"https:\/\/javacol.com\/sitio\/\"},{\"@type\":\"ListItem\",\"position\":2,\"name\":\"Radar TI #8 Javacol: Gu\u00eda DIAN 2025, Networking y Capacitaci\u00f3n Clave en Social Media para Pymes en Colombia\"}]},{\"@type\":\"WebSite\",\"@id\":\"https:\/\/javacol.com\/sitio\/#website\",\"url\":\"https:\/\/javacol.com\/sitio\/\",\"name\":\"Javacol\",\"description\":\"\",\"publisher\":{\"@id\":\"https:\/\/javacol.com\/sitio\/#organization\"},\"potentialAction\":[{\"@type\":\"SearchAction\",\"target\":{\"@type\":\"EntryPoint\",\"urlTemplate\":\"https:\/\/javacol.com\/sitio\/?s={search_term_string}\"},\"query-input\":{\"@type\":\"PropertyValueSpecification\",\"valueRequired\":true,\"valueName\":\"search_term_string\"}}],\"inLanguage\":\"es\"},{\"@type\":\"Organization\",\"@id\":\"https:\/\/javacol.com\/sitio\/#organization\",\"name\":\"Javacol\",\"url\":\"https:\/\/javacol.com\/sitio\/\",\"logo\":{\"@type\":\"ImageObject\",\"inLanguage\":\"es\",\"@id\":\"https:\/\/javacol.com\/sitio\/#\/schema\/logo\/image\/\",\"url\":\"https:\/\/javacol.com\/sitio\/wp-content\/uploads\/2024\/07\/logojavacol.png\",\"contentUrl\":\"https:\/\/javacol.com\/sitio\/wp-content\/uploads\/2024\/07\/logojavacol.png\",\"width\":1100,\"height\":304,\"caption\":\"Javacol\"},\"image\":{\"@id\":\"https:\/\/javacol.com\/sitio\/#\/schema\/logo\/image\/\"},\"sameAs\":[\"https:\/\/www.facebook.com\/JavacolSas\/\",\"https:\/\/www.instagram.com\/javacol_sas\/\"]},{\"@type\":\"Person\",\"@id\":\"https:\/\/javacol.com\/sitio\/#\/schema\/person\/c726f79b8f751d2f17af082903516281\",\"name\":\"Admin Javacol\",\"image\":{\"@type\":\"ImageObject\",\"inLanguage\":\"es\",\"@id\":\"https:\/\/javacol.com\/sitio\/#\/schema\/person\/image\/\",\"url\":\"https:\/\/secure.gravatar.com\/avatar\/3cb75ca9e4eba82219823604ca7a8b179c886f1330408d23339c270232aadf32?s=96&d=mm&r=g\",\"contentUrl\":\"https:\/\/secure.gravatar.com\/avatar\/3cb75ca9e4eba82219823604ca7a8b179c886f1330408d23339c270232aadf32?s=96&d=mm&r=g\",\"caption\":\"Admin Javacol\"},\"sameAs\":[\"https:\/\/javacol.com\/sitio\"],\"url\":\"https:\/\/javacol.com\/sitio\/author\/admin\/\"}]}<\/script>\n<!-- \/ Yoast SEO plugin. -->","yoast_head_json":{"title":"Radar TI #8 Javacol: Gu\u00eda DIAN 2025, Networking y Capacitaci\u00f3n Clave en Social Media para Pymes en Colombia - Javacol","robots":{"index":"index","follow":"follow","max-snippet":"max-snippet:-1","max-image-preview":"max-image-preview:large","max-video-preview":"max-video-preview:-1"},"canonical":"https:\/\/javacol.com\/sitio\/radar-ti-8-javacol-guia-dian-2025-networking-y-capacitacion-clave-en-social-media-para-pymes-en-colombia\/","og_locale":"es_ES","og_type":"article","og_title":"Radar TI #8 Javacol: Gu\u00eda DIAN 2025, Networking y Capacitaci\u00f3n Clave en Social Media para Pymes en Colombia - Javacol","og_description":"\u00a1Bienvenidos a una edici\u00f3n crucial de El Radar TI de Javacol! Como su aliado estrat\u00e9gico en Hosting, Dominios y Dise\u00f1o Web, sabemos que el \u00e9xito de su negocio se basa tanto en una excelente presencia digital como en un s\u00f3lido cumplimiento legal y fiscal. Esta semana, el Radar TI le trae un balance perfecto: oportunidades [&hellip;]","og_url":"https:\/\/javacol.com\/sitio\/radar-ti-8-javacol-guia-dian-2025-networking-y-capacitacion-clave-en-social-media-para-pymes-en-colombia\/","og_site_name":"Javacol","article_publisher":"https:\/\/www.facebook.com\/JavacolSas\/","article_published_time":"2025-11-25T01:53:35+00:00","article_modified_time":"2025-11-25T01:53:38+00:00","og_image":[{"width":980,"height":653,"url":"https:\/\/javacol.com\/sitio\/wp-content\/uploads\/2025\/11\/evento_DIAN_Networking_Colombia_Contenido_redes_sociales_gratuito.png","type":"image\/png"}],"author":"Admin Javacol","twitter_card":"summary_large_image","twitter_misc":{"Escrito por":"Admin Javacol","Tiempo de lectura":"3 minutos"},"schema":{"@context":"https:\/\/schema.org","@graph":[{"@type":"Article","@id":"https:\/\/javacol.com\/sitio\/radar-ti-8-javacol-guia-dian-2025-networking-y-capacitacion-clave-en-social-media-para-pymes-en-colombia\/#article","isPartOf":{"@id":"https:\/\/javacol.com\/sitio\/radar-ti-8-javacol-guia-dian-2025-networking-y-capacitacion-clave-en-social-media-para-pymes-en-colombia\/"},"author":{"name":"Admin Javacol","@id":"https:\/\/javacol.com\/sitio\/#\/schema\/person\/c726f79b8f751d2f17af082903516281"},"headline":"Radar TI #8 Javacol: Gu\u00eda DIAN 2025, Networking y Capacitaci\u00f3n Clave en Social Media para Pymes en Colombia","datePublished":"2025-11-25T01:53:35+00:00","dateModified":"2025-11-25T01:53:38+00:00","mainEntityOfPage":{"@id":"https:\/\/javacol.com\/sitio\/radar-ti-8-javacol-guia-dian-2025-networking-y-capacitacion-clave-en-social-media-para-pymes-en-colombia\/"},"wordCount":614,"commentCount":0,"publisher":{"@id":"https:\/\/javacol.com\/sitio\/#organization"},"image":{"@id":"https:\/\/javacol.com\/sitio\/radar-ti-8-javacol-guia-dian-2025-networking-y-capacitacion-clave-en-social-media-para-pymes-en-colombia\/#primaryimage"},"thumbnailUrl":"https:\/\/javacol.com\/sitio\/wp-content\/uploads\/2025\/11\/evento_DIAN_Networking_Colombia_Contenido_redes_sociales_gratuito.png","keywords":["Cursos gratis KMM Social media","eventos empresariales","gesti\u00f3n de redes sociales","Gu\u00eda DIAN 2025","Networking Bogot\u00e1","Oportunidades para emprendedores","Radar TI Javacol","Social Media para Pymes","WBC","Women Business Connect"],"articleSection":["Educaci\u00f3n o Eventos"],"inLanguage":"es","potentialAction":[{"@type":"CommentAction","name":"Comment","target":["https:\/\/javacol.com\/sitio\/radar-ti-8-javacol-guia-dian-2025-networking-y-capacitacion-clave-en-social-media-para-pymes-en-colombia\/#respond"]}]},{"@type":"WebPage","@id":"https:\/\/javacol.com\/sitio\/radar-ti-8-javacol-guia-dian-2025-networking-y-capacitacion-clave-en-social-media-para-pymes-en-colombia\/","url":"https:\/\/javacol.com\/sitio\/radar-ti-8-javacol-guia-dian-2025-networking-y-capacitacion-clave-en-social-media-para-pymes-en-colombia\/","name":"Radar TI #8 Javacol: Gu\u00eda DIAN 2025, Networking y Capacitaci\u00f3n Clave en Social Media para Pymes en Colombia - Javacol","isPartOf":{"@id":"https:\/\/javacol.com\/sitio\/#website"},"primaryImageOfPage":{"@id":"https:\/\/javacol.com\/sitio\/radar-ti-8-javacol-guia-dian-2025-networking-y-capacitacion-clave-en-social-media-para-pymes-en-colombia\/#primaryimage"},"image":{"@id":"https:\/\/javacol.com\/sitio\/radar-ti-8-javacol-guia-dian-2025-networking-y-capacitacion-clave-en-social-media-para-pymes-en-colombia\/#primaryimage"},"thumbnailUrl":"https:\/\/javacol.com\/sitio\/wp-content\/uploads\/2025\/11\/evento_DIAN_Networking_Colombia_Contenido_redes_sociales_gratuito.png","datePublished":"2025-11-25T01:53:35+00:00","dateModified":"2025-11-25T01:53:38+00:00","breadcrumb":{"@id":"https:\/\/javacol.com\/sitio\/radar-ti-8-javacol-guia-dian-2025-networking-y-capacitacion-clave-en-social-media-para-pymes-en-colombia\/#breadcrumb"},"inLanguage":"es","potentialAction":[{"@type":"ReadAction","target":["https:\/\/javacol.com\/sitio\/radar-ti-8-javacol-guia-dian-2025-networking-y-capacitacion-clave-en-social-media-para-pymes-en-colombia\/"]}]},{"@type":"ImageObject","inLanguage":"es","@id":"https:\/\/javacol.com\/sitio\/radar-ti-8-javacol-guia-dian-2025-networking-y-capacitacion-clave-en-social-media-para-pymes-en-colombia\/#primaryimage","url":"https:\/\/javacol.com\/sitio\/wp-content\/uploads\/2025\/11\/evento_DIAN_Networking_Colombia_Contenido_redes_sociales_gratuito.png","contentUrl":"https:\/\/javacol.com\/sitio\/wp-content\/uploads\/2025\/11\/evento_DIAN_Networking_Colombia_Contenido_redes_sociales_gratuito.png","width":980,"height":653,"caption":"Protege tu pyme de la DIAN y haz crecer tu red de contactos. \u00a1La informaci\u00f3n que necesitas est\u00e1 aqu\u00ed!"},{"@type":"BreadcrumbList","@id":"https:\/\/javacol.com\/sitio\/radar-ti-8-javacol-guia-dian-2025-networking-y-capacitacion-clave-en-social-media-para-pymes-en-colombia\/#breadcrumb","itemListElement":[{"@type":"ListItem","position":1,"name":"Portada","item":"https:\/\/javacol.com\/sitio\/"},{"@type":"ListItem","position":2,"name":"Radar TI #8 Javacol: Gu\u00eda DIAN 2025, Networking y Capacitaci\u00f3n Clave en Social Media para Pymes en Colombia"}]},{"@type":"WebSite","@id":"https:\/\/javacol.com\/sitio\/#website","url":"https:\/\/javacol.com\/sitio\/","name":"Javacol","description":"","publisher":{"@id":"https:\/\/javacol.com\/sitio\/#organization"},"potentialAction":[{"@type":"SearchAction","target":{"@type":"EntryPoint","urlTemplate":"https:\/\/javacol.com\/sitio\/?s={search_term_string}"},"query-input":{"@type":"PropertyValueSpecification","valueRequired":true,"valueName":"search_term_string"}}],"inLanguage":"es"},{"@type":"Organization","@id":"https:\/\/javacol.com\/sitio\/#organization","name":"Javacol","url":"https:\/\/javacol.com\/sitio\/","logo":{"@type":"ImageObject","inLanguage":"es","@id":"https:\/\/javacol.com\/sitio\/#\/schema\/logo\/image\/","url":"https:\/\/javacol.com\/sitio\/wp-content\/uploads\/2024\/07\/logojavacol.png","contentUrl":"https:\/\/javacol.com\/sitio\/wp-content\/uploads\/2024\/07\/logojavacol.png","width":1100,"height":304,"caption":"Javacol"},"image":{"@id":"https:\/\/javacol.com\/sitio\/#\/schema\/logo\/image\/"},"sameAs":["https:\/\/www.facebook.com\/JavacolSas\/","https:\/\/www.instagram.com\/javacol_sas\/"]},{"@type":"Person","@id":"https:\/\/javacol.com\/sitio\/#\/schema\/person\/c726f79b8f751d2f17af082903516281","name":"Admin Javacol","image":{"@type":"ImageObject","inLanguage":"es","@id":"https:\/\/javacol.com\/sitio\/#\/schema\/person\/image\/","url":"https:\/\/secure.gravatar.com\/avatar\/3cb75ca9e4eba82219823604ca7a8b179c886f1330408d23339c270232aadf32?s=96&d=mm&r=g","contentUrl":"https:\/\/secure.gravatar.com\/avatar\/3cb75ca9e4eba82219823604ca7a8b179c886f1330408d23339c270232aadf32?s=96&d=mm&r=g","caption":"Admin Javacol"},"sameAs":["https:\/\/javacol.com\/sitio"],"url":"https:\/\/javacol.com\/sitio\/author\/admin\/"}]}},"_links":{"self":[{"href":"https:\/\/javacol.com\/sitio\/wp-json\/wp\/v2\/posts\/6460","targetHints":{"allow":["GET"]}}],"collection":[{"href":"https:\/\/javacol.com\/sitio\/wp-json\/wp\/v2\/posts"}],"about":[{"href":"https:\/\/javacol.com\/sitio\/wp-json\/wp\/v2\/types\/post"}],"author":[{"embeddable":true,"href":"https:\/\/javacol.com\/sitio\/wp-json\/wp\/v2\/users\/1"}],"replies":[{"embeddable":true,"href":"https:\/\/javacol.com\/sitio\/wp-json\/wp\/v2\/comments?post=6460"}],"version-history":[{"count":1,"href":"https:\/\/javacol.com\/sitio\/wp-json\/wp\/v2\/posts\/6460\/revisions"}],"predecessor-version":[{"id":6462,"href":"https:\/\/javacol.com\/sitio\/wp-json\/wp\/v2\/posts\/6460\/revisions\/6462"}],"wp:featuredmedia":[{"embeddable":true,"href":"https:\/\/javacol.com\/sitio\/wp-json\/wp\/v2\/media\/6461"}],"wp:attachment":[{"href":"https:\/\/javacol.com\/sitio\/wp-json\/wp\/v2\/media?parent=6460"}],"wp:term":[{"taxonomy":"category","embeddable":true,"href":"https:\/\/javacol.com\/sitio\/wp-json\/wp\/v2\/categories?post=6460"},{"taxonomy":"post_tag","embeddable":true,"href":"https:\/\/javacol.com\/sitio\/wp-json\/wp\/v2\/tags?post=6460"}],"curies":[{"name":"wp","href":"https:\/\/api.w.org\/{rel}","templated":true}]}}